{"id":192348,"date":"2019-10-04T13:36:44","date_gmt":"2019-10-04T10:36:44","guid":{"rendered":"http:\/\/www.sana.sy\/tr\/?p=192348"},"modified":"2019-10-05T14:46:05","modified_gmt":"2019-10-05T11:46:05","slug":"homs-kirsalinin-batisinda-yer-alan-kuseyr-beldesine-4-bir-aileler-grubu-daha-dondu","status":"publish","type":"post","link":"https:\/\/archive.sana.sy\/tr\/?p=192348","title":{"rendered":"Homs K\u0131rsal\u0131n\u0131n Bat\u0131s\u0131nda Yer Alan Kuseyr Beldesine 4. Bir Aileler Grubu Daha D\u00f6nd\u00fc"},"content":{"rendered":"<p>HOMS \u2013 Homs \u0130l Meclisi Homs k\u0131rsal\u0131n\u0131n bat\u0131s\u0131nda yer alan Kuseyr Beldesinin daha \u00f6nce ter\u00f6r varl\u0131\u011f\u0131ndan dolay\u0131 tehcir edilen halk\u0131n\u0131n d\u00f6nmesine y\u00f6nelik \u00e7al\u0131\u015fmalar\u0131na devam ediyor.<\/p>\n<p>SANA\u2019n\u0131n Homs muhabiri; bug\u00fcn sabah saatlerinde Homs k\u0131rsal\u0131n\u0131n bat\u0131s\u0131ndaki Kuseyr Beldesine daha \u00f6nce tehcir edilen ailelerden olu\u015fan 4. grubun evlerine d\u00f6nd\u00fcklerini belirtti.<\/p>\n<p>Muhabir; bug\u00fcn Kuseyre d\u00f6nen ailelerin say\u0131s\u0131n\u0131n 200 aile oldu\u011funu aktar\u0131rken\u00a0 kalan ailelerin d\u00f6nmelerine y\u00f6nelik \u00e7al\u0131\u015fmalara Homs \u0130l Meclisi taraf\u0131ndan\u00a0 devam edildi\u011fini belirtti.<\/p>\n<p>\u00c7eviri: P.M.<\/p>\n<div id='gallery-1' class='gallery galleryid-192348 gallery-columns-1 gallery-size-full'><figure class='gallery-item'>\n\t\t\t<div class='gallery-icon landscape'>\n\t\t\t\t<a href='https:\/\/archive.sana.sy\/tr\/wp-content\/uploads\/2019\/10\/4-4.jpg'><img loading=\"lazy\" decoding=\"async\" width=\"3543\" height=\"2125\" src=\"https:\/\/archive.sana.sy\/tr\/wp-content\/uploads\/2019\/10\/4-4.jpg\" class=\"attachment-full size-full\" alt=\"\" srcset=\"https:\/\/archive.sana.sy\/tr\/wp-content\/uploads\/2019\/10\/4-4.jpg 3543w, https:\/\/archive.sana.sy\/tr\/wp-content\/uploads\/2019\/10\/4-4-150x90.jpg 150w, https:\/\/archive.sana.sy\/tr\/wp-content\/uploads\/2019\/10\/4-4-300x180.jpg 300w, https:\/\/archive.sana.sy\/tr\/wp-content\/uploads\/2019\/10\/4-4-768x461.jpg 768w, https:\/\/archive.sana.sy\/tr\/wp-content\/uploads\/2019\/10\/4-4-1024x614.jpg 1024w\" sizes=\"auto, (max-width: 3543px) 100vw, 3543px\" \/><\/a>\n\t\t\t<\/div><\/figure><figure class='gallery-item'>\n\t\t\t<div class='gallery-icon landscape'>\n\t\t\t\t<a href='https:\/\/archive.sana.sy\/tr\/wp-content\/uploads\/2019\/10\/4-6.jpg'><img loading=\"lazy\" decoding=\"async\" width=\"3543\" height=\"2103\" src=\"https:\/\/archive.sana.sy\/tr\/wp-content\/uploads\/2019\/10\/4-6.jpg\" class=\"attachment-full size-full\" alt=\"\" srcset=\"https:\/\/archive.sana.sy\/tr\/wp-content\/uploads\/2019\/10\/4-6.jpg 3543w, https:\/\/archive.sana.sy\/tr\/wp-content\/uploads\/2019\/10\/4-6-150x89.jpg 150w, https:\/\/archive.sana.sy\/tr\/wp-content\/uploads\/2019\/10\/4-6-300x178.jpg 300w, https:\/\/archive.sana.sy\/tr\/wp-content\/uploads\/2019\/10\/4-6-768x456.jpg 768w, https:\/\/archive.sana.sy\/tr\/wp-content\/uploads\/2019\/10\/4-6-1024x608.jpg 1024w\" sizes=\"auto, (max-width: 3543px) 100vw, 3543px\" \/><\/a>\n\t\t\t<\/div><\/figure><figure class='gallery-item'>\n\t\t\t<div class='gallery-icon landscape'>\n\t\t\t\t<a href='https:\/\/archive.sana.sy\/tr\/wp-content\/uploads\/2019\/10\/4-12.jpg'><img loading=\"lazy\" decoding=\"async\" width=\"3543\" height=\"2018\" src=\"https:\/\/archive.sana.sy\/tr\/wp-content\/uploads\/2019\/10\/4-12.jpg\" class=\"attachment-full size-full\" alt=\"\" srcset=\"https:\/\/archive.sana.sy\/tr\/wp-content\/uploads\/2019\/10\/4-12.jpg 3543w, https:\/\/archive.sana.sy\/tr\/wp-content\/uploads\/2019\/10\/4-12-150x85.jpg 150w, https:\/\/archive.sana.sy\/tr\/wp-content\/uploads\/2019\/10\/4-12-300x171.jpg 300w, https:\/\/archive.sana.sy\/tr\/wp-content\/uploads\/2019\/10\/4-12-768x437.jpg 768w, https:\/\/archive.sana.sy\/tr\/wp-content\/uploads\/2019\/10\/4-12-1024x583.jpg 1024w\" sizes=\"auto, (max-width: 3543px) 100vw, 3543px\" \/><\/a>\n\t\t\t<\/div><\/figure><figure class='gallery-item'>\n\t\t\t<div class='gallery-icon landscape'>\n\t\t\t\t<a href='https:\/\/archive.sana.sy\/tr\/wp-content\/uploads\/2019\/10\/4-15.jpg'><img loading=\"lazy\" decoding=\"async\" width=\"3543\" height=\"2041\" src=\"https:\/\/archive.sana.sy\/tr\/wp-content\/uploads\/2019\/10\/4-15.jpg\" class=\"attachment-full size-full\" alt=\"\" srcset=\"https:\/\/archive.sana.sy\/tr\/wp-content\/uploads\/2019\/10\/4-15.jpg 3543w, https:\/\/archive.sana.sy\/tr\/wp-content\/uploads\/2019\/10\/4-15-150x86.jpg 150w, https:\/\/archive.sana.sy\/tr\/wp-content\/uploads\/2019\/10\/4-15-300x173.jpg 300w, https:\/\/archive.sana.sy\/tr\/wp-content\/uploads\/2019\/10\/4-15-768x442.jpg 768w, https:\/\/archive.sana.sy\/tr\/wp-content\/uploads\/2019\/10\/4-15-1024x590.jpg 1024w\" sizes=\"auto, (max-width: 3543px) 100vw, 3543px\" \/><\/a>\n\t\t\t<\/div><\/figure><figure class='gallery-item'>\n\t\t\t<div class='gallery-icon landscape'>\n\t\t\t\t<a href='https:\/\/archive.sana.sy\/tr\/wp-content\/uploads\/2019\/10\/4-18-1.jpg'><img loading=\"lazy\" decoding=\"async\" width=\"3543\" height=\"2128\" src=\"https:\/\/archive.sana.sy\/tr\/wp-content\/uploads\/2019\/10\/4-18-1.jpg\" class=\"attachment-full size-full\" alt=\"\" srcset=\"https:\/\/archive.sana.sy\/tr\/wp-content\/uploads\/2019\/10\/4-18-1.jpg 3543w, https:\/\/archive.sana.sy\/tr\/wp-content\/uploads\/2019\/10\/4-18-1-150x90.jpg 150w, https:\/\/archive.sana.sy\/tr\/wp-content\/uploads\/2019\/10\/4-18-1-300x180.jpg 300w, https:\/\/archive.sana.sy\/tr\/wp-content\/uploads\/2019\/10\/4-18-1-768x461.jpg 768w, https:\/\/archive.sana.sy\/tr\/wp-content\/uploads\/2019\/10\/4-18-1-1024x615.jpg 1024w\" sizes=\"auto, (max-width: 3543px) 100vw, 3543px\" \/><\/a>\n\t\t\t<\/div><\/figure>\n\t\t<\/div>\n\n","protected":false},"excerpt":{"rendered":"<p>HOMS \u2013 Homs \u0130l Meclisi Homs k\u0131rsal\u0131n\u0131n bat\u0131s\u0131nda yer alan Kuseyr Beldesinin daha \u00f6nce ter\u00f6r varl\u0131\u011f\u0131ndan dolay\u0131 tehcir edilen halk\u0131n\u0131n d\u00f6nmesine y\u00f6nelik \u00e7al\u0131\u015fmalar\u0131na devam ediyor. SANA\u2019n\u0131n Homs muhabiri; bug\u00fcn sabah saatlerinde Homs k\u0131rsal\u0131n\u0131n bat\u0131s\u0131ndaki Kuseyr Beldesine daha \u00f6nce tehcir edilen ailelerden olu\u015fan 4. grubun evlerine d\u00f6nd\u00fcklerini belirtti. Muhabir; bug\u00fcn Kuseyre d\u00f6nen ailelerin say\u0131s\u0131n\u0131n 200 aile &hellip;<\/p>\n","protected":false},"author":1,"featured_media":192349,"comment_status":"closed","ping_status":"closed","sticky":false,"template":"","format":"standard","meta":{"footnotes":""},"categories":[596,479,17988,478],"tags":[],"class_list":["post-192348","post","type-post","status-publish","format-standard","has-post-thumbnail","","category-fotografli-raporlar","category-haberler-yerel","category-son-haberler","category-yerel"],"_links":{"self":[{"href":"https:\/\/archive.sana.sy\/tr\/index.php?rest_route=\/wp\/v2\/posts\/192348","targetHints":{"allow":["GET"]}}],"collection":[{"href":"https:\/\/archive.sana.sy\/tr\/index.php?rest_route=\/wp\/v2\/posts"}],"about":[{"href":"https:\/\/archive.sana.sy\/tr\/index.php?rest_route=\/wp\/v2\/types\/post"}],"author":[{"embeddable":true,"href":"https:\/\/archive.sana.sy\/tr\/index.php?rest_route=\/wp\/v2\/users\/1"}],"replies":[{"embeddable":true,"href":"https:\/\/archive.sana.sy\/tr\/index.php?rest_route=%2Fwp%2Fv2%2Fcomments&post=192348"}],"version-history":[{"count":0,"href":"https:\/\/archive.sana.sy\/tr\/index.php?rest_route=\/wp\/v2\/posts\/192348\/revisions"}],"wp:featuredmedia":[{"embeddable":true,"href":"https:\/\/archive.sana.sy\/tr\/index.php?rest_route=\/wp\/v2\/media\/192349"}],"wp:attachment":[{"href":"https:\/\/archive.sana.sy\/tr\/index.php?rest_route=%2Fwp%2Fv2%2Fmedia&parent=192348"}],"wp:term":[{"taxonomy":"category","embeddable":true,"href":"https:\/\/archive.sana.sy\/tr\/index.php?rest_route=%2Fwp%2Fv2%2Fcategories&post=192348"},{"taxonomy":"post_tag","embeddable":true,"href":"https:\/\/archive.sana.sy\/tr\/index.php?rest_route=%2Fwp%2Fv2%2Ftags&post=192348"}],"curies":[{"name":"wp","href":"https:\/\/api.w.org\/{rel}","templated":true}]}}