{"id":192356,"date":"2019-10-04T13:54:20","date_gmt":"2019-10-04T10:54:20","guid":{"rendered":"http:\/\/www.sana.sy\/tr\/?p=192356"},"modified":"2019-10-05T14:07:15","modified_gmt":"2019-10-05T11:07:15","slug":"astana-surecinin-gelecek-asmasini-tartisti","status":"publish","type":"post","link":"https:\/\/archive.sana.sy\/tr\/?p=192356","title":{"rendered":"Putin ve Tokayev Suriye&#8217;deki Kriz Konusundaki Gelecek Astana Toplant\u0131s\u0131n\u0131n Haz\u0131rl\u0131klar\u0131n\u0131 G\u00f6r\u00fc\u015ft\u00fc"},"content":{"rendered":"<p>NURSULTAN &#8211; Rusya Devlet Ba\u015fkan\u0131 Vladimir Putin ve Kazak mevkida\u015f\u0131 Kas\u0131m C\u00f6mert Tokayev, Suriye kriziyle ilgili Astana s\u00fcreci g\u00f6r\u00fc\u015fmelerinin gelecek turu i\u00e7in haz\u0131rl\u0131klar\u0131 ele ald\u0131.<\/p>\n<p>Kazakistan D\u0131\u015fi\u015fleri Bakan\u0131 Muhtar Tlauberdi, ba\u015fkent Nur Sultan&#8217;dan yapt\u0131\u011f\u0131 a\u00e7\u0131klamada: Tokayev ve Putin\u2019in So\u00e7i\u2019deki Valdai Uluslararas\u0131 Diyalog Forumu\u2019nun yan toplant\u0131lar\u0131nda yapt\u0131\u011f\u0131 g\u00f6r\u00fc\u015fmede, Astana s\u00fcrecinin s\u00fcrd\u00fcr\u00fclmesi \u00f6nemini belirttiklerini s\u00f6yledi. Astana s\u00fcreci yeni g\u00f6r\u00fc\u015fmelerinin Ekim ay\u0131nda yap\u0131lmas\u0131 ancak nihai tarihin hen\u00fcz belirlenmedi\u011fini ifade etti.<\/p>\n<p>Tlauberdi ge\u00e7en Sal\u0131 g\u00fcn\u00fc yapt\u0131\u011f\u0131 a\u00e7\u0131klamada, Kazakistan&#8217;\u0131n ba\u015fkenti Nur Sultan&#8217;da Astana g\u00f6r\u00fc\u015fmelerinin yeni turunun bu ay i\u00e7erisinde d\u00fczenlenmesi haz\u0131rl\u0131klar\u0131n s\u00fcrd\u00fc\u011f\u00fcn\u00fc belirtirken, Rusya D\u0131\u015fi\u015fleri Bakan Yard\u0131mc\u0131s\u0131 Sergey Ver\u015finin ge\u00e7en Pazartesi g\u00fcn\u00fc G\u00fcvenlik Konseyi oturumunda m\u00fczakereler turunun &#8220;yak\u0131nda&#8221; d\u00fczen\u015fenece\u011fini ilan etmi\u015fti.<\/p>\n<p>\u00c7eviri: S.\u015eahut<\/p>\n","protected":false},"excerpt":{"rendered":"<p>NURSULTAN &#8211; Rusya Devlet Ba\u015fkan\u0131 Vladimir Putin ve Kazak mevkida\u015f\u0131 Kas\u0131m C\u00f6mert Tokayev, Suriye kriziyle ilgili Astana s\u00fcreci g\u00f6r\u00fc\u015fmelerinin gelecek turu i\u00e7in haz\u0131rl\u0131klar\u0131 ele ald\u0131. Kazakistan D\u0131\u015fi\u015fleri Bakan\u0131 Muhtar Tlauberdi, ba\u015fkent Nur Sultan&#8217;dan yapt\u0131\u011f\u0131 a\u00e7\u0131klamada: Tokayev ve Putin\u2019in So\u00e7i\u2019deki Valdai Uluslararas\u0131 Diyalog Forumu\u2019nun yan toplant\u0131lar\u0131nda yapt\u0131\u011f\u0131 g\u00f6r\u00fc\u015fmede, Astana s\u00fcrecinin s\u00fcrd\u00fcr\u00fclmesi \u00f6nemini belirttiklerini s\u00f6yledi. Astana s\u00fcreci &hellip;<\/p>\n","protected":false},"author":1,"featured_media":192357,"comment_status":"closed","ping_status":"closed","sticky":false,"template":"","format":"standard","meta":{"footnotes":""},"categories":[458,459,17988],"tags":[],"class_list":["post-192356","post","type-post","status-publish","format-standard","has-post-thumbnail","","category-dunya1","category-haberler-arap-uluslararasi-politika","category-son-haberler"],"_links":{"self":[{"href":"https:\/\/archive.sana.sy\/tr\/index.php?rest_route=\/wp\/v2\/posts\/192356","targetHints":{"allow":["GET"]}}],"collection":[{"href":"https:\/\/archive.sana.sy\/tr\/index.php?rest_route=\/wp\/v2\/posts"}],"about":[{"href":"https:\/\/archive.sana.sy\/tr\/index.php?rest_route=\/wp\/v2\/types\/post"}],"author":[{"embeddable":true,"href":"https:\/\/archive.sana.sy\/tr\/index.php?rest_route=\/wp\/v2\/users\/1"}],"replies":[{"embeddable":true,"href":"https:\/\/archive.sana.sy\/tr\/index.php?rest_route=%2Fwp%2Fv2%2Fcomments&post=192356"}],"version-history":[{"count":0,"href":"https:\/\/archive.sana.sy\/tr\/index.php?rest_route=\/wp\/v2\/posts\/192356\/revisions"}],"wp:featuredmedia":[{"embeddable":true,"href":"https:\/\/archive.sana.sy\/tr\/index.php?rest_route=\/wp\/v2\/media\/192357"}],"wp:attachment":[{"href":"https:\/\/archive.sana.sy\/tr\/index.php?rest_route=%2Fwp%2Fv2%2Fmedia&parent=192356"}],"wp:term":[{"taxonomy":"category","embeddable":true,"href":"https:\/\/archive.sana.sy\/tr\/index.php?rest_route=%2Fwp%2Fv2%2Fcategories&post=192356"},{"taxonomy":"post_tag","embeddable":true,"href":"https:\/\/archive.sana.sy\/tr\/index.php?rest_route=%2Fwp%2Fv2%2Ftags&post=192356"}],"curies":[{"name":"wp","href":"https:\/\/api.w.org\/{rel}","templated":true}]}}