{"id":192468,"date":"2019-10-06T16:14:15","date_gmt":"2019-10-06T13:14:15","guid":{"rendered":"http:\/\/www.sana.sy\/tr\/?p=192468"},"modified":"2019-10-10T14:30:33","modified_gmt":"2019-10-10T11:30:33","slug":"korgeneral-eyyup-tesrin-ruhu-yolumuzu-aydinlatan-bir-mesale-olarak-kalmaya-devam-edecektir","status":"publish","type":"post","link":"https:\/\/archive.sana.sy\/tr\/?p=192468","title":{"rendered":"Korgeneral Eyy\u00fcp: Te\u015frin Ruhu Yolumuzu Ayd\u0131nlatan Bir Me\u015fale Olarak Kalmaya Devam Edecektir"},"content":{"rendered":"<p style=\"text-align: justify;\">\u015eAM &#8211; Ordu ve Silahl\u0131 Kuvvetler Genel Komutan Yard\u0131mc\u0131s\u0131 Savunma Bakan\u0131 Korgeneral Ali Abdullah Eyy\u00fcp, Te\u015frin (Ekim) kurtulu\u015f sava\u015f\u0131n\u0131n modern Arap tarihinde ayd\u0131n ve \u00f6l\u00fcms\u00fcz bir sayfa oldu\u011funu, Arap-Siyonist \u00e7at\u0131\u015fman\u0131n tarihinde bir d\u00f6n\u00fcm noktas\u0131 te\u015fkil etti\u011fini, yeni denklemler getirdi\u011fini, en \u00f6nemlisi fedakarl\u0131klar ne kadar b\u00fcy\u00fcrse b\u00fcy\u00fcs\u00fcn zaferi sa\u011flamaya y\u00f6nelik Arap askerinin g\u00fcc\u00fc olan somut ger\u00e7ekleri per\u00e7inle\u015ftirdi\u011fini belirtti.<\/p>\n<p style=\"text-align: justify;\">Suriye televizyonunun 6 Ekim Te\u015frin Kurtulu\u015f Sava\u015f\u0131n\u0131n 46. Y\u0131l d\u00f6n\u00fcm\u00fc m\u00fcnasebetiyle bug\u00fcn kendisiyle ger\u00e7ekle\u015ftirdi\u011fi telefon g\u00f6r\u00fc\u015fmesinde, Arap-Siyonist \u00e7at\u0131\u015fman\u0131n tarihinde karar, planlama ve haz\u0131rl\u0131k a\u00e7\u0131s\u0131ndan Te\u015frin Sava\u015f\u0131n\u0131n bir ilk oldu\u011funa i\u015faret ederek: sonu\u00e7lar\u0131n\u0131n co\u011frafi ve askeri ba\u015far\u0131lar ile elde ettikleri siyasi ve ahlaki kazan\u0131mlar ile \u00f6l\u00e7\u00fclmedi\u011fini, ancak 1967 sava\u015f\u0131ndan sonra ortaya \u00e7\u0131kan b\u00fcy\u00fck d\u00f6n\u00fc\u015f\u00fcmlerle, \u00f6zellikle de ruhlardaki umudu canland\u0131rmak ve ulusal onurunu yeniden canland\u0131rmak i\u00e7in yapt\u0131klar\u0131 b\u00fcy\u00fck d\u00f6n\u00fc\u015f\u00fcmlerle \u00f6l\u00e7\u00fclebilece\u011fini s\u00f6yledi.<\/p>\n<p style=\"text-align: justify;\">Savunma Bakan\u0131 Eyy\u00fcp, Te\u015frin ruhu, anlamlar\u0131 ve delaletlerinin, Suriyelilerin ve Arap ulusumuzun \u015ferefli insanlar\u0131n vicdan\u0131nda hala mevcut oldu\u011funu, Te\u015frin Sava\u015f\u0131 anlamlar\u0131n\u0131n, yolu ayd\u0131nlatan ve vicdanlardaki direni\u015f ruhunu ta\u015f\u0131yan yanan bir me\u015fale olarak kalaca\u011f\u0131n\u0131, halk\u0131, ordusu ve y\u00f6netimi ile Suriye&#8217;nin, ter\u00f6r ve sald\u0131rganl\u0131k g\u00fc\u00e7leriyle y\u00fczle\u015fmek i\u00e7in en iyi modeli sunmay\u0131 ba\u015fard\u0131\u011f\u0131n\u0131, t\u00fcm d\u00fcnyaya Suriye hacmindeki bir \u00fclkenin s\u0131k\u0131nt\u0131lar y\u00fcz\u00fcnden k\u0131r\u0131lamayaca\u011f\u0131n\u0131 \u015fartlar ne kadar zorla\u015f\u0131rsa zorla\u015fs\u0131n Suriye&#8217;yi yenemeyece\u011fini bilakis vatanda\u015flar\u0131n\u0131n iradesi, direni\u015fi ve fedakarl\u0131klar\u0131yla zaferler yazmaya kadir oldu\u011funu vurgulad\u0131.<\/p>\n<p style=\"text-align: justify;\">Suriye&#8217;ye y\u00f6nelik ter\u00f6r sava\u015f\u0131na kar\u015f\u0131 koymada silahl\u0131 kuvvetlerimizin rol hakk\u0131nda ise Korgeneral Ey\u00fcp: Hi\u00e7 \u015f\u00fcphe yok ki sald\u0131rganl\u0131k hacmi, ona kat\u0131lan g\u00fc\u00e7ler, onu destekleyen ve silahl\u0131 ter\u00f6r \u00f6rg\u00fctlerine verilen ve sa\u011flanan imkanlar a\u00e7\u0131s\u0131ndan \u00f6nemlidir. Ancak, kahraman silahl\u0131 kuvvetlerimizin \u00e7at\u0131\u015fmada ba\u015far\u0131l\u0131 oldu\u011funu, ter\u00f6r \u00f6rg\u00fctleri kar\u015f\u0131s\u0131nda nitelikli ba\u015far\u0131lara imza att\u0131\u011f\u0131n\u0131 b\u00fcy\u00fck bir g\u00fcvenle s\u00f6yl\u00fcyoruz. Bununla b\u00f6l\u00fcnme ve sistematik y\u0131k\u0131m yolunu kesti\u011fini, kahraman ordumuzun askerlerinin, tekfiri ter\u00f6rizmin ortadan kald\u0131r\u0131lmas\u0131 kar\u015f\u0131s\u0131nda kozmopolit bir akademiye d\u00f6n\u00fc\u015ft\u00fc\u011f\u00fcn\u00fc vurgulad\u0131.<\/p>\n<p style=\"text-align: justify;\">Eyy\u00fcp, bizim kahraman silahl\u0131 kuvvetlerimizin meydan okumalar d\u00fczeyinde \u00fczerine d\u00fc\u015fen g\u00f6revleri yerine getirmeye kadir ve sorumlu oldu\u011funu kan\u0131tlad\u0131\u011f\u0131n\u0131 vurgulayarak, Siyo-Amerikan \u00e7\u0131karlar\u0131na uygun \u015fekilde yeni haritalar\u0131n \u00e7izilmesi ve b\u00f6l\u00fcnmesini, bu stratejik b\u00f6lgeyi kontrol alt\u0131na almay\u0131 ama\u00e7layan Siyo-Amerikan plan\u0131n\u0131 ba\u015far\u0131s\u0131zl\u0131\u011fa u\u011fratmay\u0131 ba\u015fard\u0131\u011f\u0131na dikkat \u00e7ekti.<\/p>\n<p style=\"text-align: justify;\">Koreneral Eyy\u00fcp, Suriye ile ba\u015fta Rusya ve \u0130ran olmak \u00fczere bir\u00e7ok dost ve direni\u015f\u00e7i \u00fclke aras\u0131ndaki yak\u0131n ili\u015fkiyi hat\u0131rlatarak, Hizbullah ile birlikte tekfiri ter\u00f6rizme kar\u015f\u0131 bizimle durmalar\u0131n\u0131n do\u011fal oldu\u011funu, \u00e7\u00fcnk\u00fc Suriye&#8217;nin, dayat\u0131lan bir sava\u015fla m\u00fccadele etti\u011fini, egemenli\u011fini, ba\u011f\u0131ms\u0131z ulusal karar\u0131n\u0131 ve halk\u0131n\u0131n gelece\u011fini belirleme hakk\u0131n\u0131 savunma hakk\u0131na sahip oldu\u011funu vurgulad\u0131.<\/p>\n<p style=\"text-align: justify;\">Savunma Bakan\u0131, bug\u00fcnk\u00fc sava\u015f\u0131n ter\u00f6rizm destek\u00e7ileri ile tekfiri \u00f6rg\u00fctlerden olu\u015fan edatlar\u0131 ve Amerika Birle\u015fik Devletleri&#8217;nin iradesine uymay\u0131 reddeden \u00fclkeler aras\u0131nda ya\u015fand\u0131\u011f\u0131n\u0131, Suriye&#8217;nin, ter\u00f6rizm kar\u015f\u0131s\u0131nda ba\u015far\u0131l\u0131 bir zafer kazanmak i\u00e7in metin ad\u0131mlarla ilerledi\u011fini, herhangi bir sald\u0131rganl\u0131\u011fa tahamm\u00fcl edemeyece\u011fini ve Suriye&#8217;ye uzanan b\u00fct\u00fcn kirli ellerin kesilece\u011fini ifade etti.<\/p>\n<p style=\"text-align: justify;\">Telefon g\u00f6r\u00fc\u015fmesi sonunda ulusal medyam\u0131zda \u00e7al\u0131\u015fan herkesi s\u00fcrekli \u00e7abalar\u0131ndan dolay\u0131 selamlayarak; subay, astsubay er ve erba\u015f silahl\u0131 kuvvetlerimizde \u00e7al\u0131\u015fan b\u00fct\u00fcn fertlere Te\u015frin Kurtulu\u015f Sava\u015f\u0131 y\u0131l d\u00f6n\u00fcm\u00fcnde selam ve sevgilerini ileterek, \u015fehitlerimize rahmet, yaral\u0131lar\u0131m\u0131za acil \u015fifalar temenni ettikten sonra, halk\u0131m\u0131z ve liderimiz say\u0131n Cumhurba\u015fkan\u0131 Be\u015f\u015far Esad&#8217;a, vatan\u0131 korumada, g\u00fcven ve istikrar\u0131n\u0131 sa\u011flama, onur ve \u015ferefini koruma y\u00f6n\u00fcndeki yeminlerine her zaman vefakar kalacaklar\u0131n\u0131 vurgulad\u0131.<\/p>\n<p>\u00c7eviri: S.\u015eahut<\/p>\n","protected":false},"excerpt":{"rendered":"<p>\u015eAM &#8211; Ordu ve Silahl\u0131 Kuvvetler Genel Komutan Yard\u0131mc\u0131s\u0131 Savunma Bakan\u0131 Korgeneral Ali Abdullah Eyy\u00fcp, Te\u015frin (Ekim) kurtulu\u015f sava\u015f\u0131n\u0131n modern Arap tarihinde ayd\u0131n ve \u00f6l\u00fcms\u00fcz bir sayfa oldu\u011funu, Arap-Siyonist \u00e7at\u0131\u015fman\u0131n tarihinde bir d\u00f6n\u00fcm noktas\u0131 te\u015fkil etti\u011fini, yeni denklemler getirdi\u011fini, en \u00f6nemlisi fedakarl\u0131klar ne kadar b\u00fcy\u00fcrse b\u00fcy\u00fcs\u00fcn zaferi sa\u011flamaya y\u00f6nelik Arap askerinin g\u00fcc\u00fc olan somut ger\u00e7ekleri &hellip;<\/p>\n","protected":false},"author":1,"featured_media":192469,"comment_status":"closed","ping_status":"closed","sticky":false,"template":"","format":"standard","meta":{"footnotes":""},"categories":[479,17988,478],"tags":[],"class_list":["post-192468","post","type-post","status-publish","format-standard","has-post-thumbnail","","category-haberler-yerel","category-son-haberler","category-yerel"],"_links":{"self":[{"href":"https:\/\/archive.sana.sy\/tr\/index.php?rest_route=\/wp\/v2\/posts\/192468","targetHints":{"allow":["GET"]}}],"collection":[{"href":"https:\/\/archive.sana.sy\/tr\/index.php?rest_route=\/wp\/v2\/posts"}],"about":[{"href":"https:\/\/archive.sana.sy\/tr\/index.php?rest_route=\/wp\/v2\/types\/post"}],"author":[{"embeddable":true,"href":"https:\/\/archive.sana.sy\/tr\/index.php?rest_route=\/wp\/v2\/users\/1"}],"replies":[{"embeddable":true,"href":"https:\/\/archive.sana.sy\/tr\/index.php?rest_route=%2Fwp%2Fv2%2Fcomments&post=192468"}],"version-history":[{"count":0,"href":"https:\/\/archive.sana.sy\/tr\/index.php?rest_route=\/wp\/v2\/posts\/192468\/revisions"}],"wp:featuredmedia":[{"embeddable":true,"href":"https:\/\/archive.sana.sy\/tr\/index.php?rest_route=\/wp\/v2\/media\/192469"}],"wp:attachment":[{"href":"https:\/\/archive.sana.sy\/tr\/index.php?rest_route=%2Fwp%2Fv2%2Fmedia&parent=192468"}],"wp:term":[{"taxonomy":"category","embeddable":true,"href":"https:\/\/archive.sana.sy\/tr\/index.php?rest_route=%2Fwp%2Fv2%2Fcategories&post=192468"},{"taxonomy":"post_tag","embeddable":true,"href":"https:\/\/archive.sana.sy\/tr\/index.php?rest_route=%2Fwp%2Fv2%2Ftags&post=192468"}],"curies":[{"name":"wp","href":"https:\/\/api.w.org\/{rel}","templated":true}]}}