{"id":192471,"date":"2019-10-06T16:01:29","date_gmt":"2019-10-06T13:01:29","guid":{"rendered":"http:\/\/www.sana.sy\/tr\/?p=192471"},"modified":"2019-10-10T14:30:30","modified_gmt":"2019-10-10T11:30:30","slug":"direnisci-esir-sidki-el-makttan-tesrin-kurtulus-savasi-yil-donumunde-vefa-mesaji","status":"publish","type":"post","link":"https:\/\/archive.sana.sy\/tr\/?p=192471","title":{"rendered":"Direni\u015f\u00e7i Esir S\u0131dk\u0131 El Makt&#8217;tan Te\u015frin Kurtulu\u015f Sava\u015f\u0131 Y\u0131l D\u00f6n\u00fcm\u00fcnde Vefa Mesaj\u0131"},"content":{"rendered":"<p style=\"text-align: justify;\">KUNAYTRA \u2013 \u0130\u015fgalci \u0130srail hapishanelerinde Suriye ve Arap esirlerin en k\u0131demli esir S\u0131dk\u0131 el Makt, Te\u015frin Kurtulu\u015f Sava\u015f\u0131n\u0131n Arap iradesinin, i\u015fgal edilen Arap topraklar\u0131n\u0131n kurtar\u0131lmas\u0131 ve i\u015fgal edilen Suriyeli Golan&#8217;\u0131n tam bir \u015fekilde geri al\u0131nmas\u0131nda zafer ba\u015fl\u0131\u011f\u0131n\u0131 te\u015fkil etti\u011fini belirtti.<\/p>\n<p style=\"text-align: justify;\">Esir Makt i\u015fgal edilen Filistin&#8217;in g\u00fcneyindeki el Nakap Hapishanesinden g\u00f6nderdi\u011fi mesaj\u0131nda, Golan&#8217;\u0131n her zerre topra\u011f\u0131n\u0131n, Suriye Arap ordusu kahramanlar\u0131ndan birinin deatanla\u015ft\u0131rd\u0131\u011f\u0131, \u015fehit ve yaral\u0131lar\u0131n temiz kanlar\u0131yla yaz\u0131lan, vatan koruyucular\u0131n\u0131n terleri ve kahramanl\u0131klar\u0131yla yazd\u0131klar\u0131 kahramanl\u0131k hikayesini anlatt\u0131\u011f\u0131n\u0131 vurgulad\u0131.<\/p>\n<p style=\"text-align: justify;\">El Makt mesaj\u0131n\u0131n sonunda, d\u00fcnya kiral\u0131klar\u0131 ve m\u00fccrimleriyle edatlar\u0131na kar\u015f\u0131 onur ve zafer \u00e7at\u0131\u015fmalar\u0131n\u0131n en y\u00fccesini y\u00fcr\u00fcten, vatan\u0131n egemenli\u011fi, birli\u011fi ve onurunu koruyan Suriye Arap Ordusu kahramanlar\u0131n\u0131 sayg\u0131yla selamlad\u0131.<\/p>\n<p>\u00c7eviri: S.\u015eahut<\/p>\n","protected":false},"excerpt":{"rendered":"<p>KUNAYTRA \u2013 \u0130\u015fgalci \u0130srail hapishanelerinde Suriye ve Arap esirlerin en k\u0131demli esir S\u0131dk\u0131 el Makt, Te\u015frin Kurtulu\u015f Sava\u015f\u0131n\u0131n Arap iradesinin, i\u015fgal edilen Arap topraklar\u0131n\u0131n kurtar\u0131lmas\u0131 ve i\u015fgal edilen Suriyeli Golan&#8217;\u0131n tam bir \u015fekilde geri al\u0131nmas\u0131nda zafer ba\u015fl\u0131\u011f\u0131n\u0131 te\u015fkil etti\u011fini belirtti. Esir Makt i\u015fgal edilen Filistin&#8217;in g\u00fcneyindeki el Nakap Hapishanesinden g\u00f6nderdi\u011fi mesaj\u0131nda, Golan&#8217;\u0131n her zerre topra\u011f\u0131n\u0131n, &hellip;<\/p>\n","protected":false},"author":1,"featured_media":192472,"comment_status":"closed","ping_status":"closed","sticky":false,"template":"","format":"standard","meta":{"footnotes":""},"categories":[479,17988,478],"tags":[],"class_list":["post-192471","post","type-post","status-publish","format-standard","has-post-thumbnail","","category-haberler-yerel","category-son-haberler","category-yerel"],"_links":{"self":[{"href":"https:\/\/archive.sana.sy\/tr\/index.php?rest_route=\/wp\/v2\/posts\/192471","targetHints":{"allow":["GET"]}}],"collection":[{"href":"https:\/\/archive.sana.sy\/tr\/index.php?rest_route=\/wp\/v2\/posts"}],"about":[{"href":"https:\/\/archive.sana.sy\/tr\/index.php?rest_route=\/wp\/v2\/types\/post"}],"author":[{"embeddable":true,"href":"https:\/\/archive.sana.sy\/tr\/index.php?rest_route=\/wp\/v2\/users\/1"}],"replies":[{"embeddable":true,"href":"https:\/\/archive.sana.sy\/tr\/index.php?rest_route=%2Fwp%2Fv2%2Fcomments&post=192471"}],"version-history":[{"count":0,"href":"https:\/\/archive.sana.sy\/tr\/index.php?rest_route=\/wp\/v2\/posts\/192471\/revisions"}],"wp:featuredmedia":[{"embeddable":true,"href":"https:\/\/archive.sana.sy\/tr\/index.php?rest_route=\/wp\/v2\/media\/192472"}],"wp:attachment":[{"href":"https:\/\/archive.sana.sy\/tr\/index.php?rest_route=%2Fwp%2Fv2%2Fmedia&parent=192471"}],"wp:term":[{"taxonomy":"category","embeddable":true,"href":"https:\/\/archive.sana.sy\/tr\/index.php?rest_route=%2Fwp%2Fv2%2Fcategories&post=192471"},{"taxonomy":"post_tag","embeddable":true,"href":"https:\/\/archive.sana.sy\/tr\/index.php?rest_route=%2Fwp%2Fv2%2Ftags&post=192471"}],"curies":[{"name":"wp","href":"https:\/\/api.w.org\/{rel}","templated":true}]}}