{"id":192475,"date":"2019-10-06T16:13:33","date_gmt":"2019-10-06T13:13:33","guid":{"rendered":"http:\/\/www.sana.sy\/tr\/?p=192475"},"modified":"2019-10-07T14:29:05","modified_gmt":"2019-10-07T11:29:05","slug":"tesrin-kurtulus-savasi-yildonumu-suriye-arap-ordusu-dusmanlarinin-evhamlarini-kirdi-terorist-ve-kiralik-edatlarini-sildi","status":"publish","type":"post","link":"https:\/\/archive.sana.sy\/tr\/?p=192475","title":{"rendered":"Te\u015frin Kurtulu\u015f Sava\u015f\u0131 Y\u0131ld\u00f6n\u00fcm\u00fc.. Suriye Arap Ordusu D\u00fc\u015fmanlar\u0131n\u0131n Evhamlar\u0131n\u0131 K\u0131rd\u0131 Ter\u00f6rist ve Kiral\u0131k Edatlar\u0131n\u0131 Sildi"},"content":{"rendered":"<p style=\"text-align: justify;\">\u015eAM \u2013 Te\u015frin (Ekim) Kurtulu\u015f Sava\u015f\u0131&#8217;n\u0131n \u00fczerinden 64 y\u0131l ge\u00e7ti. 1973 y\u0131l\u0131nda d\u00fc\u015fman \u0130srail&#8217;e kar\u015f\u0131 zafer elde eden Suriye Arap Ordusu askerleri, ter\u00f6rist \u00f6rg\u00fctler, destek\u00e7ileri ve finansmanlar\u0131na y\u00f6nelik zaferlerini s\u00fcrd\u00fcr\u00fcyorlar. Bug\u00fcn de t\u00fcm Suriye topraklar\u0131 \u00fczerinden tamamen atmak ve yok etmeye daha da \u0131srarl\u0131lar.<\/p>\n<p style=\"text-align: justify;\">\u00d6l\u00fcms\u00fcz \u00f6nder Haf\u0131z Esad komutanl\u0131\u011f\u0131ndaki Te\u015frin Kurtulu\u015f Sava\u015f\u0131 y\u0131l d\u00f6n\u00fcm\u00fc Suriyelilerin g\u00f6n\u00fcllerinde ebedi yer alm\u0131\u015f, Suriye Arap Ordusu kahramanlar\u0131n\u0131n ba\u015fta d\u00fc\u015fman \u0130srail&#8217;e kar\u015f\u0131 zaferi ve Te\u015frin sava\u015f\u0131nda hezimetinden, Suriye topraklar\u0131 \u00fczerinde siyonistle\u015fmi\u015f bat\u0131l\u0131 edatlar, gerici Arap rejimleri ve ter\u00f6rist \u00f6rg\u00fctlerden olan edatlar\u0131na var\u0131ncaya kadar kahramanl\u0131klar ve fedakarl\u0131klar\u0131n destanlar\u0131n\u0131 yazmaya devam ediyorlar.<\/p>\n<p style=\"text-align: justify;\">Te\u015frin Kurtulu\u015f Sava\u015f\u0131 y\u0131ld\u00f6n\u00fcm\u00fcn\u00fc kutlarken \u015f\u00fcphesiz baz\u0131 tarihi noktalara da de\u011finmemiz gerekiyor. Te\u015frin sava\u015f\u0131n\u0131n \u00fczerinden bir ka\u00e7 saat ge\u00e7meden ufukta zafer sonu\u00e7lar\u0131 belirmi\u015f, i\u015fgal varl\u0131\u011f\u0131n\u0131n yenilmez ordu olarak iddia etti\u011fi d\u00fc\u015fman ordusu efsanesini y\u0131kt\u0131. Tel el Saki ve Cebel el \u015eeyh \u00e7at\u0131\u015fmalar\u0131n\u0131n \u00f6nemi, takti\u011fi ve g\u00f6zetim noktas\u0131ndaki d\u00fc\u015fman birlikleri imha etmi\u015f ordu kahramanlar\u0131n\u0131n cesareti ve sava\u015flar tarihinde m\u00fcmk\u00fcn olan en k\u00fc\u00e7\u00fck vesilelerle bir\u00e7ok Siyonist askeri esir almalar\u0131ndan Kfar Nefah ve Ha\u015fniye b\u00f6lgesindeki tanklar \u00e7at\u0131\u015fmas\u0131 ve di\u011fer \u00e7at\u0131\u015fmalara var\u0131ncaya kadar Suriye Arap Ordusunun kahramanl\u0131\u011f\u0131n\u0131 ve direni\u015f akidesini ispatlam\u0131\u015ft\u0131r. Bu ve bunun gibi daha bir \u00e7ok portre \u015fehit ve yaral\u0131lar\u0131n zeki ve pak kanlar\u0131yla yaz\u0131lm\u0131\u015ft\u0131r.<\/p>\n<p style=\"text-align: justify;\">Ordu ve silahl\u0131 kuvvetler taraf\u0131ndan s\u00f6z ve fiil olarak temsil edilen ulusal bir askeri doktrinden ba\u015flayarak, anavatan meydanlar\u0131 boyunca ter\u00f6re kar\u015f\u0131 sava\u015f muharebeleri sahalar\u0131nda sava\u015f \u00fcsluplar\u0131 ve verimli dersler te\u015fkil eden askeri taktikler kanal\u0131yla zafer bayraklar\u0131n\u0131 kald\u0131rm\u0131\u015flard\u0131r. Nas\u0131l olmas\u0131n ki, Te\u015frin Kurtulu\u015f sava\u015f\u0131nda zaferler zaman\u0131n\u0131n temelini atm\u0131\u015flar, harfleri de nurdan olup Suriye i\u00e7in ulusal direni\u015f sicilini do\u011furmu\u015ftur.<\/p>\n<p style=\"text-align: justify;\">Haziran t\u00f6kezlemesinden sonra \u00fcmitsiz Arap durumunda ger\u00e7ek bir de\u011fi\u015fikli\u011fi \u00fcreten Te\u015frin Sava\u015f\u0131 zaferleriyle umutlar\u0131 ye\u015fertmi\u015f onuru bir kez daha geri kazanm\u0131\u015ft\u0131r. Bu y\u0131l ki y\u0131l d\u00f6n\u00fcm\u00fcn\u00fc kutlarken d\u00fcnya, 80&#8217;den fazla \u00fclkeden gelen, ABD, \u0130srail ve K\u00f6rfez ile b\u00f6lgeden baz\u0131 i\u015fbirlik\u00e7ileri taraf\u0131ndan lojistik, istihbarat ve silahlanma deste\u011fiyle on binlerce kiral\u0131k ter\u00f6rist ve tekfirciyi saflar\u0131nda bar\u0131nd\u0131ran ter\u00f6rist \u00f6rg\u00fctler taraf\u0131ndan bir devlete y\u00f6nelik modern tarihte a\u00e7\u0131lan en \u00e7irkef ve sert sava\u015fa kar\u015f\u0131, Suriye Arap ordusunun zaferlerine tan\u0131k olmaktad\u0131r.<\/p>\n<p style=\"text-align: justify;\">Ter\u00f6r ve destek\u00e7ilerine kar\u015f\u0131 sava\u015f\u0131nda Suriye Arap ordusunun art arda gelen zaferleri, i\u015fgal edilen Suriyeli Golan&#8217;\u0131 geri alma yolunda sabit ve ilkeli ad\u0131mlar te\u015fkil etmektedir. Suriye Arap Ordusunun ter\u00f6rist \u00f6rg\u00fctler, destek\u00e7ileri ve \u00e7obanlar\u0131na kar\u015f\u0131 her muharebede elde etti\u011fi zafer, Haseke&#8217;den Deyrezzor&#8217;a, Hama, Homs, Rakka, Dera, Kunaytra ve di\u011ferlerine var\u0131ncaya kadar, her \u015fehidin kan damlas\u0131yla birlikte vatan\u0131n d\u00f6rt bir k\u00f6\u015fesinde g\u00fcven ve istikrar olarak \u00fcremi\u015f, Te\u015frin Kurtulu\u015f Sava\u015f\u0131n\u0131n zaferi yinelenmi\u015f ve Suriyelilerin g\u00f6nl\u00fcnde taht kurmu\u015ftur.<\/p>\n<p style=\"text-align: justify;\">Bug\u00fcn de Suriye&#8217;ye kar\u015f\u0131 d\u00fc\u015fmanc\u0131l ter\u00f6rist sava\u015f\u0131n \u00fczerinden 9 y\u0131la yak\u0131n zaman ge\u00e7mesi ard\u0131ndan vatan d\u00fc\u015fmanlar\u0131 Suriye halk\u0131n\u0131n direni\u015fi, onur ve kerameti savunmak i\u00e7in kahramanl\u0131k kokular\u0131yla dolu tarihinden \u00f6\u00e7 almay\u0131 ba\u015faramam\u0131\u015flard\u0131r. Suriye Arap Ordusuyla el ele gelecek zaferi yazacaklar, \u0131\u015f\u0131lt\u0131l\u0131 harfleri de ayd\u0131n vatan\u0131n gelece\u011fini \u00e7izecektir.<\/p>\n<p>\u00c7eviri: S.\u015eahut<\/p>\n","protected":false},"excerpt":{"rendered":"<p>\u015eAM \u2013 Te\u015frin (Ekim) Kurtulu\u015f Sava\u015f\u0131&#8217;n\u0131n \u00fczerinden 64 y\u0131l ge\u00e7ti. 1973 y\u0131l\u0131nda d\u00fc\u015fman \u0130srail&#8217;e kar\u015f\u0131 zafer elde eden Suriye Arap Ordusu askerleri, ter\u00f6rist \u00f6rg\u00fctler, destek\u00e7ileri ve finansmanlar\u0131na y\u00f6nelik zaferlerini s\u00fcrd\u00fcr\u00fcyorlar. Bug\u00fcn de t\u00fcm Suriye topraklar\u0131 \u00fczerinden tamamen atmak ve yok etmeye daha da \u0131srarl\u0131lar. \u00d6l\u00fcms\u00fcz \u00f6nder Haf\u0131z Esad komutanl\u0131\u011f\u0131ndaki Te\u015frin Kurtulu\u015f Sava\u015f\u0131 y\u0131l d\u00f6n\u00fcm\u00fc Suriyelilerin &hellip;<\/p>\n","protected":false},"author":1,"featured_media":192476,"comment_status":"closed","ping_status":"closed","sticky":false,"template":"","format":"standard","meta":{"footnotes":""},"categories":[479,17988,478],"tags":[],"class_list":["post-192475","post","type-post","status-publish","format-standard","has-post-thumbnail","","category-haberler-yerel","category-son-haberler","category-yerel"],"_links":{"self":[{"href":"https:\/\/archive.sana.sy\/tr\/index.php?rest_route=\/wp\/v2\/posts\/192475","targetHints":{"allow":["GET"]}}],"collection":[{"href":"https:\/\/archive.sana.sy\/tr\/index.php?rest_route=\/wp\/v2\/posts"}],"about":[{"href":"https:\/\/archive.sana.sy\/tr\/index.php?rest_route=\/wp\/v2\/types\/post"}],"author":[{"embeddable":true,"href":"https:\/\/archive.sana.sy\/tr\/index.php?rest_route=\/wp\/v2\/users\/1"}],"replies":[{"embeddable":true,"href":"https:\/\/archive.sana.sy\/tr\/index.php?rest_route=%2Fwp%2Fv2%2Fcomments&post=192475"}],"version-history":[{"count":0,"href":"https:\/\/archive.sana.sy\/tr\/index.php?rest_route=\/wp\/v2\/posts\/192475\/revisions"}],"wp:featuredmedia":[{"embeddable":true,"href":"https:\/\/archive.sana.sy\/tr\/index.php?rest_route=\/wp\/v2\/media\/192476"}],"wp:attachment":[{"href":"https:\/\/archive.sana.sy\/tr\/index.php?rest_route=%2Fwp%2Fv2%2Fmedia&parent=192475"}],"wp:term":[{"taxonomy":"category","embeddable":true,"href":"https:\/\/archive.sana.sy\/tr\/index.php?rest_route=%2Fwp%2Fv2%2Fcategories&post=192475"},{"taxonomy":"post_tag","embeddable":true,"href":"https:\/\/archive.sana.sy\/tr\/index.php?rest_route=%2Fwp%2Fv2%2Ftags&post=192475"}],"curies":[{"name":"wp","href":"https:\/\/api.w.org\/{rel}","templated":true}]}}