{"id":192480,"date":"2019-10-06T18:03:03","date_gmt":"2019-10-06T15:03:03","guid":{"rendered":"http:\/\/www.sana.sy\/tr\/?p=192480"},"modified":"2019-10-07T15:18:43","modified_gmt":"2019-10-07T12:18:43","slug":"tesrin-kurtulus-zaferleri-dersler-ve-anlamlari","status":"publish","type":"post","link":"https:\/\/archive.sana.sy\/tr\/?p=192480","title":{"rendered":"Te\u015frin Kurtulu\u015f Zaferleri.. Dersler ve Anlamlar\u0131"},"content":{"rendered":"<p style=\"text-align: justify;\">LAZK\u0130YE \u2013 DERA \u2013 Suriyeliler bug\u00fcn Suriye Arap Ordusunun, yeni s\u00f6m\u00fcrge g\u00fc\u00e7leri, i\u015fbirlik\u00e7i rejimler ve gasp\u00e7\u0131 Siyonist varl\u0131k taraf\u0131ndan destekli ter\u00f6rist \u00f6rg\u00fctlere y\u00f6nelik sava\u015f\u0131nda sa\u011flad\u0131\u011f\u0131 ba\u015far\u0131larla e\u015f zamanl\u0131 olarak Te\u015frin Kurtulu\u015f Sava\u015f\u0131 y\u0131l d\u00f6n\u00fcm\u00fcn\u00fc kutluyorlar.<\/p>\n<p style=\"text-align: justify;\">1973 y\u0131l\u0131 6 Ekim&#8217;inde ordu askerileri ve cesur \u015fahinleri, i\u015fgal edilen Golan cephesindeki d\u00fc\u015fman \u0130srail cephesini vurmaya ba\u015flad\u0131klar\u0131nda onur ve izzet ba\u015fl\u0131klar\u0131yla yeni bir \u00e7a\u011f\u0131n i\u015faretlerini veriyorlard\u0131.<\/p>\n<p style=\"text-align: justify;\">Lazkiye&#8217;de Eski Muharipler Rab\u0131tas\u0131 \u015fube merkezine ziyaretimiz, o kahramanlar\u0131n ya\u015fad\u0131klar\u0131 onur verici sava\u015f mevsimlerine hat\u0131ralar\u0131yla \u0131\u015f\u0131k tutuyorlard\u0131.<\/p>\n<p style=\"text-align: justify;\">Emekli Kurmay Albay Abdulkerim Salmur SANA muhabirine a\u00e7\u0131klamas\u0131nda, Te\u015frin kurtulu\u015f sava\u015f\u0131n\u0131n, kurucu \u00f6nder Haf\u0131z Esad komutanl\u0131\u011f\u0131ndaki Suriye Arap Ordusunun tarihi bir destan yazmas\u0131na neden oldu\u011funu, hezimet sayfalar\u0131n\u0131 kapatt\u0131\u011f\u0131n\u0131, sava\u015f karar\u0131n\u0131n d\u00fc\u015fman Siyonist varl\u0131\u011f\u0131n her t\u00fcrl\u00fc deste\u011fe haiz oldu\u011fu bir zamanda al\u0131nd\u0131\u011f\u0131n\u0131, bu y\u00fczden cesur sava\u015f karar\u0131n\u0131n Suriyelilerin g\u00f6nl\u00fcnde b\u00fcy\u00fck bir etki yaratt\u0131\u011f\u0131n\u0131, \u00f6yle ki Suriyeli vatanda\u015flar\u0131 evlerin dam\u0131ndan, pencerelerinden, sokaklar\u0131ndan f\u00fczelerimizin d\u00fc\u015fman u\u00e7aklar\u0131 nas\u0131l vurup d\u00fc\u015f\u00fcrd\u00fc\u011f\u00fcn\u00fc seyrettiklerine tan\u0131k olduklar\u0131n\u0131 s\u00f6yledi.<\/p>\n<p style=\"text-align: justify;\">O s\u0131rada te\u011fmen olarak g\u00f6rev yapan Tu\u011fgeneral Salmur, sonu\u00e7lar\u0131 sayesinde d\u00fcnyan\u0131n d\u00f6rt bir yan\u0131ndaki askeri akademilerde bir m\u00fcfredat haline gelen Te\u015frin Kurtulu\u015f Sava\u015f\u0131&#8217;n\u0131n \u00f6neminden bahsederken, yenilmez ordu diye adland\u0131r\u0131lan \u0130srail ordusu efsanesinin y\u0131k\u0131lmas\u0131nda tecelli etti\u011fini, planl\u0131 ve \u00f6rg\u00fctl\u00fc askeri haz\u0131rl\u0131klar, geni\u015f alanalara yay\u0131lan askeri k\u0131talar aras\u0131ndaki i\u015fbirli\u011fi, tedarik ve ikmal hatlar\u0131n\u0131n nas\u0131l temin edildi\u011fini buna ek olarak t\u00fcm zor \u015fartlara ra\u011fmen t\u00fcm cephelerle ileti\u015fimin nas\u0131l organizeli bir \u015fekilde yap\u0131ld\u0131\u011f\u0131n\u0131 anlat\u0131yor.<\/p>\n<p style=\"text-align: justify;\">Salmur, Suriye&#8217;de bir ka\u00e7 y\u0131ldan beri devam eden sava\u015f\u0131n Suriye&#8217;ye kar\u015f\u0131 y\u00fcr\u00fct\u00fclen bir dizi sava\u015f\u0131n devam\u0131 oldu\u011funu belirterek; &#8220;Bizlerin Suriyeli olarak, ulusal g\u00fcc\u00fcm\u00fcze ve kahraman ordumuzunter\u00f6r ve destek\u00e7ilerine kar\u015f\u0131 zafer sa\u011flayack kuvvetine y\u00f6nelik umudumuzun tam oldu\u011funa&#8221; i\u015faret ederek, kahraman ordumuzun harici g\u00fc\u00e7lerce destekli ter\u00f6rist \u00f6rg\u00fctlere kar\u015f\u0131 sa\u011flanan askeri ba\u015far\u0131lara dikkat \u00e7ekti.<\/p>\n<p style=\"text-align: justify;\">Kendi y\u00f6n\u00fcnden emekli tu\u011fgeneral Necdet Zreyka, Te\u015frin Kurtulu\u015f Sava\u015f\u0131&#8217;n\u0131n her Suriyeli i\u00e7in bir onur kayna\u011f\u0131 te\u015fkil etti\u011fini belirterek, kahraman askerlerimizin bug\u00fcn sa\u011flad\u0131klar\u0131 ba\u015far\u0131lar\u0131n atalar\u0131n Te\u015frin harbinde yazd\u0131klar\u0131 kahramanl\u0131k destanlar\u0131n\u0131n tamamlay\u0131c\u0131s\u0131 oldu\u011funu ve tarih kitaplar\u0131nda okutulur hale geldi\u011fini vurgulad\u0131.<\/p>\n<p style=\"text-align: justify;\">Zreyka, Te\u015frin harbinde tank\u00e7\u0131 birlikte yer ald\u0131\u011f\u0131n\u0131 ve silah arkada\u015flar\u0131n\u0131n vatan topraklar\u0131n\u0131 korumak amac\u0131yla o cesur ve azimli ilkelerini anlat\u0131yor ve sanki o an\u0131 ya\u015f\u0131yormu\u015f\u00e7as\u0131na, \u015fehit arakda\u015f\u0131 \u015eahhut el Yusuf&#8217;un d\u00fc\u015fman birlikler taraf\u0131ndan ablukaya al\u0131nd\u0131\u011f\u0131n\u0131 \u015fehitlik pahas\u0131na yerinden ayr\u0131lmad\u0131\u011f\u0131n\u0131, \u015fehit d\u00fcmeden \u00f6nce d\u00fc\u015fmana ait 3 tank\u0131 nas\u0131l imha etti\u011fini g\u00f6\u011fs\u00fcn\u00fc gere gere anlat\u0131yordu.<\/p>\n<p style=\"text-align: justify;\">Dera k\u0131rsal\u0131 Sanameyn b\u00f6lgesinde 9. Alayda subay ve komutan olan Fehmi Mehamid ise, Te\u015frin kurtulu\u015f harbinin, Suriyeliler a\u00e7\u0131s\u0131ndan her zaman onur kayna\u011f\u0131 olarak kalaca\u011f\u0131n\u0131 belirterek destan olmakla vas\u0131fland\u0131rd\u0131.<\/p>\n<p style=\"text-align: justify;\">Mehamid, Suriye Arap ordusunun Te\u015frin harbinde kahramanl\u0131k ve direni\u015f \u00f6rne\u011fi takdim etti\u011fini, o zamanda gaspedilen haklar\u0131n geri al\u0131nmas\u0131nda halk\u0131n ordu ile gaddar bir orduya kar\u015f\u0131 nas\u0131l kenetlendi\u011finin en g\u00fczel \u00f6rne\u011fini g\u00f6sterdi\u011fini belirterek, Suriyelilerin bug\u00fcn ayn\u0131 Te\u015frin harbinde oldu\u011fu gibi vatanlar\u0131n\u0131 ter\u00f6rist \u00f6rg\u00fctlerle arkalar\u0131nda bulunan onlarca devlete kar\u015f\u0131 kahramanca m\u00fcdafaa ettiklerini ve tarihin alt\u0131n harflerle yazaca\u011f\u0131 bir zaferi \u00e7izdiklerine dikkkat \u00e7ekti. ,<\/p>\n<p style=\"text-align: justify;\">\u00c7eviri: S.\u015eahut<\/p>\n<p>&nbsp;<\/p>\n","protected":false},"excerpt":{"rendered":"<p>LAZK\u0130YE \u2013 DERA \u2013 Suriyeliler bug\u00fcn Suriye Arap Ordusunun, yeni s\u00f6m\u00fcrge g\u00fc\u00e7leri, i\u015fbirlik\u00e7i rejimler ve gasp\u00e7\u0131 Siyonist varl\u0131k taraf\u0131ndan destekli ter\u00f6rist \u00f6rg\u00fctlere y\u00f6nelik sava\u015f\u0131nda sa\u011flad\u0131\u011f\u0131 ba\u015far\u0131larla e\u015f zamanl\u0131 olarak Te\u015frin Kurtulu\u015f Sava\u015f\u0131 y\u0131l d\u00f6n\u00fcm\u00fcn\u00fc kutluyorlar. 1973 y\u0131l\u0131 6 Ekim&#8217;inde ordu askerileri ve cesur \u015fahinleri, i\u015fgal edilen Golan cephesindeki d\u00fc\u015fman \u0130srail cephesini vurmaya ba\u015flad\u0131klar\u0131nda onur ve &hellip;<\/p>\n","protected":false},"author":1,"featured_media":192481,"comment_status":"closed","ping_status":"closed","sticky":false,"template":"","format":"standard","meta":{"footnotes":""},"categories":[479,17988,478],"tags":[],"class_list":["post-192480","post","type-post","status-publish","format-standard","has-post-thumbnail","","category-haberler-yerel","category-son-haberler","category-yerel"],"_links":{"self":[{"href":"https:\/\/archive.sana.sy\/tr\/index.php?rest_route=\/wp\/v2\/posts\/192480","targetHints":{"allow":["GET"]}}],"collection":[{"href":"https:\/\/archive.sana.sy\/tr\/index.php?rest_route=\/wp\/v2\/posts"}],"about":[{"href":"https:\/\/archive.sana.sy\/tr\/index.php?rest_route=\/wp\/v2\/types\/post"}],"author":[{"embeddable":true,"href":"https:\/\/archive.sana.sy\/tr\/index.php?rest_route=\/wp\/v2\/users\/1"}],"replies":[{"embeddable":true,"href":"https:\/\/archive.sana.sy\/tr\/index.php?rest_route=%2Fwp%2Fv2%2Fcomments&post=192480"}],"version-history":[{"count":0,"href":"https:\/\/archive.sana.sy\/tr\/index.php?rest_route=\/wp\/v2\/posts\/192480\/revisions"}],"wp:featuredmedia":[{"embeddable":true,"href":"https:\/\/archive.sana.sy\/tr\/index.php?rest_route=\/wp\/v2\/media\/192481"}],"wp:attachment":[{"href":"https:\/\/archive.sana.sy\/tr\/index.php?rest_route=%2Fwp%2Fv2%2Fmedia&parent=192480"}],"wp:term":[{"taxonomy":"category","embeddable":true,"href":"https:\/\/archive.sana.sy\/tr\/index.php?rest_route=%2Fwp%2Fv2%2Fcategories&post=192480"},{"taxonomy":"post_tag","embeddable":true,"href":"https:\/\/archive.sana.sy\/tr\/index.php?rest_route=%2Fwp%2Fv2%2Ftags&post=192480"}],"curies":[{"name":"wp","href":"https:\/\/api.w.org\/{rel}","templated":true}]}}