{"id":192861,"date":"2019-10-11T16:26:03","date_gmt":"2019-10-11T13:26:03","guid":{"rendered":"http:\/\/www.sana.sy\/tr\/?p=192861"},"modified":"2019-10-15T14:09:33","modified_gmt":"2019-10-15T11:09:33","slug":"halk-meclisi-turk-saldirganligini-kinamaya-cagrida-bulundu","status":"publish","type":"post","link":"https:\/\/archive.sana.sy\/tr\/?p=192861","title":{"rendered":"Halk Meclisi T\u00fcrk Sald\u0131rganl\u0131\u011f\u0131n\u0131 K\u0131namaya \u00c7a\u011fr\u0131da Bulundu"},"content":{"rendered":"<p>\u015eAM \u2013 Halk Meclisi Suriye topraklar\u0131na y\u00f6nelik T\u00fcrk sald\u0131rganl\u0131\u011f\u0131 en \u015fiddetli ifadelerle k\u0131narken bu sald\u0131rganl\u0131\u011f\u0131n uluslararas\u0131 kanun ve BMGK kararlar\u0131na a\u00e7\u0131k bir ihlal oldu\u011funu vurgulad\u0131.<\/p>\n<p>SANA\u2019n\u0131n bir kopyas\u0131n\u0131 teslim alan yay\u0131nlad\u0131\u011f\u0131 beyanda Halk Meclisi; bu sald\u0131rganl\u0131\u011f\u0131n\u0131n son y\u0131llardaki ABD\u2019li, Siyonist ve T\u00fcrk planlar\u0131 gibi ba\u015faramayaca\u011f\u0131n\u0131 vurgularken Suriye egemenli\u011fini ve toprak b\u00fct\u00fcnl\u00fc\u011f\u00fcn\u00fc hi\u00e7bir d\u0131\u015f g\u00fcc\u00fc taraf\u0131ndan k\u0131r\u0131lmayaca\u011f\u0131n\u0131n alt\u0131n\u0131 \u00e7izdi.<\/p>\n<p>Halk Meclisi; T\u00fcrk sald\u0131rganl\u0131\u011f\u0131n\u0131n ABD, Siyonist varl\u0131\u011f\u0131n\u0131n ve T\u00fcrk Rejimi aras\u0131nda koordine edilen Suriye\u2019ye y\u00f6nelik 8 y\u0131ld\u0131r s\u00fcrd\u00fcr\u00fclen komplonun yeni bir dizisi oldu\u011funa i\u015faret ederken T\u00fcrkiye\u2019nin Suriye\u2019ye kar\u015f\u0131 uygulanacak planlar\u0131n\u0131n meydan\u0131n\u0131 oldu\u011funu vurgulad\u0131. Halk Meclisi; T\u00fcrkiye\u2019nin ter\u00f6ristlere e\u011fitim, finans ve cephanenin yan\u0131 s\u0131ra her t\u00fcrl\u00fc lojistik destek verip onlar\u0131 Suriye\u2019de \u00f6l\u00fcm ve y\u0131k\u0131m yaymaya g\u00f6nderdi\u011finin alt\u0131n\u0131 \u00e7izerken son sald\u0131rganl\u0131\u011f\u0131n\u0131n T\u00fcrkiye rejimi taraf\u0131ndan ter\u00f6r \u00f6rg\u00fctlere verdi\u011fi deste\u011finin devaml\u0131 ve s\u0131n\u0131rs\u0131z oldu\u011funa dikkat \u00e7ekici bir ispat oldu\u011funu belirtti.<\/p>\n<p>Beyan sonunda Halk Meclisi; b\u00f6lgedeki ve uluslararas\u0131 parlamentolar ve \u00f6rg\u00fctlere bu sald\u0131rganl\u0131\u011f\u0131n\u0131 k\u0131namaya \u00e7a\u011fr\u0131da bulundu.<\/p>\n<p>\u00c7eviri: P.M.<\/p>\n","protected":false},"excerpt":{"rendered":"<p>\u015eAM \u2013 Halk Meclisi Suriye topraklar\u0131na y\u00f6nelik T\u00fcrk sald\u0131rganl\u0131\u011f\u0131 en \u015fiddetli ifadelerle k\u0131narken bu sald\u0131rganl\u0131\u011f\u0131n uluslararas\u0131 kanun ve BMGK kararlar\u0131na a\u00e7\u0131k bir ihlal oldu\u011funu vurgulad\u0131. SANA\u2019n\u0131n bir kopyas\u0131n\u0131 teslim alan yay\u0131nlad\u0131\u011f\u0131 beyanda Halk Meclisi; bu sald\u0131rganl\u0131\u011f\u0131n\u0131n son y\u0131llardaki ABD\u2019li, Siyonist ve T\u00fcrk planlar\u0131 gibi ba\u015faramayaca\u011f\u0131n\u0131 vurgularken Suriye egemenli\u011fini ve toprak b\u00fct\u00fcnl\u00fc\u011f\u00fcn\u00fc hi\u00e7bir d\u0131\u015f g\u00fcc\u00fc taraf\u0131ndan &hellip;<\/p>\n","protected":false},"author":1,"featured_media":192863,"comment_status":"closed","ping_status":"closed","sticky":false,"template":"","format":"standard","meta":{"footnotes":""},"categories":[479,17988,478],"tags":[],"class_list":["post-192861","post","type-post","status-publish","format-standard","has-post-thumbnail","","category-haberler-yerel","category-son-haberler","category-yerel"],"_links":{"self":[{"href":"https:\/\/archive.sana.sy\/tr\/index.php?rest_route=\/wp\/v2\/posts\/192861","targetHints":{"allow":["GET"]}}],"collection":[{"href":"https:\/\/archive.sana.sy\/tr\/index.php?rest_route=\/wp\/v2\/posts"}],"about":[{"href":"https:\/\/archive.sana.sy\/tr\/index.php?rest_route=\/wp\/v2\/types\/post"}],"author":[{"embeddable":true,"href":"https:\/\/archive.sana.sy\/tr\/index.php?rest_route=\/wp\/v2\/users\/1"}],"replies":[{"embeddable":true,"href":"https:\/\/archive.sana.sy\/tr\/index.php?rest_route=%2Fwp%2Fv2%2Fcomments&post=192861"}],"version-history":[{"count":0,"href":"https:\/\/archive.sana.sy\/tr\/index.php?rest_route=\/wp\/v2\/posts\/192861\/revisions"}],"wp:featuredmedia":[{"embeddable":true,"href":"https:\/\/archive.sana.sy\/tr\/index.php?rest_route=\/wp\/v2\/media\/192863"}],"wp:attachment":[{"href":"https:\/\/archive.sana.sy\/tr\/index.php?rest_route=%2Fwp%2Fv2%2Fmedia&parent=192861"}],"wp:term":[{"taxonomy":"category","embeddable":true,"href":"https:\/\/archive.sana.sy\/tr\/index.php?rest_route=%2Fwp%2Fv2%2Fcategories&post=192861"},{"taxonomy":"post_tag","embeddable":true,"href":"https:\/\/archive.sana.sy\/tr\/index.php?rest_route=%2Fwp%2Fv2%2Ftags&post=192861"}],"curies":[{"name":"wp","href":"https:\/\/api.w.org\/{rel}","templated":true}]}}