{"id":192865,"date":"2019-10-11T16:50:34","date_gmt":"2019-10-11T13:50:34","guid":{"rendered":"http:\/\/www.sana.sy\/tr\/?p=192865"},"modified":"2019-10-15T14:09:37","modified_gmt":"2019-10-15T11:09:37","slug":"192865","status":"publish","type":"post","link":"https:\/\/archive.sana.sy\/tr\/?p=192865","title":{"rendered":"Kam\u0131\u015fl\u0131 Kentinde Patlay\u0131c\u0131 Y\u00fckl\u00fc Arac\u0131n \u0130nfilak Etmesi Sonucunda \u00d6l\u00fc ve Yaral\u0131lar Bulunuyor (V\u0130DEO)"},"content":{"rendered":"<p style=\"text-align: justify;\">KAMI\u015eLI \u2013 Kam\u0131\u015fl\u0131 kentinin bat\u0131s\u0131nda patlay\u0131c\u0131 y\u00fckl\u00fc bir arac\u0131n infilak etmesi sonucunda baz\u0131 vatanda\u015flar \u00f6l\u00fc ve yaral\u0131 d\u00fc\u015ft\u00fc.<\/p>\n<p style=\"text-align: justify;\"><a href=\"http:\/\/sana.sy\/tr\/wp-content\/uploads\/2019\/10\/50-1.jpg\"><img loading=\"lazy\" decoding=\"async\" class=\"alignright size-medium wp-image-192882\" src=\"http:\/\/sana.sy\/tr\/wp-content\/uploads\/2019\/10\/50-1-300x169.jpg\" alt=\"\" width=\"300\" height=\"169\" srcset=\"https:\/\/archive.sana.sy\/tr\/wp-content\/uploads\/2019\/10\/50-1-300x169.jpg 300w, https:\/\/archive.sana.sy\/tr\/wp-content\/uploads\/2019\/10\/50-1-150x84.jpg 150w, https:\/\/archive.sana.sy\/tr\/wp-content\/uploads\/2019\/10\/50-1.jpg 660w\" sizes=\"auto, (max-width: 300px) 100vw, 300px\" \/><\/a>SANA muhabiri, Kam\u0131\u015fl\u0131 Kenti Munir Habib Caddesi \u00d6meri Lokantas\u0131 yak\u0131n\u0131nda bug\u00fcn \u00f6\u011fleden sonra patlay\u0131c\u0131 madde y\u00fckl\u00fc bir arac\u0131n\u0131n infilak etmesi sonucunda baz\u0131 vatanda\u015flar\u0131n \u015fehit ve yaral\u0131 d\u00fc\u015ft\u00fcklerini, m\u00fclklerde de b\u00fcy\u00fck maddi hasarlar\u0131n meydana geldi\u011fini s\u00f6yledi.<\/p>\n<p style=\"text-align: justify;\">Bilinece\u011fi \u00fczere Kam\u0131\u015fl\u0131 kenti ve \u00e7evresi T\u00fcrk sald\u0131rgan kuvvetleri taraf\u0131ndan hava bombard\u0131manlar\u0131 ve tank top ate\u015fine maruz kal\u0131rken, bug\u00fcn\u00fcn ilerleyen saatlerinde kentin kuzeyindeki Zeytune Semtine y\u00f6nelik sald\u0131rgan T\u00fcrk kuvvetlerinin f\u00fczeli sald\u0131r\u0131s\u0131nda 2 sivil \u015fehit d\u00fc\u015fm\u00fc\u015f bir di\u011feri de yaralanm\u0131\u015ft\u0131.<\/p>\n<p style=\"text-align: justify;\"><iframe loading=\"lazy\" src=\"https:\/\/www.youtube.com\/embed\/OwEUW2O5k9o\" width=\"620\" height=\"348\" frameborder=\"0\" allowfullscreen=\"allowfullscreen\"><\/iframe><\/p>\n<div id='gallery-1' class='gallery galleryid-192865 gallery-columns-1 gallery-size-full'><figure class='gallery-item'>\n\t\t\t<div class='gallery-icon landscape'>\n\t\t\t\t<a href='https:\/\/archive.sana.sy\/tr\/wp-content\/uploads\/2019\/10\/30-6.jpg'><img loading=\"lazy\" decoding=\"async\" width=\"660\" height=\"371\" src=\"https:\/\/archive.sana.sy\/tr\/wp-content\/uploads\/2019\/10\/30-6.jpg\" class=\"attachment-full size-full\" alt=\"\" srcset=\"https:\/\/archive.sana.sy\/tr\/wp-content\/uploads\/2019\/10\/30-6.jpg 660w, https:\/\/archive.sana.sy\/tr\/wp-content\/uploads\/2019\/10\/30-6-150x84.jpg 150w, https:\/\/archive.sana.sy\/tr\/wp-content\/uploads\/2019\/10\/30-6-300x169.jpg 300w\" sizes=\"auto, (max-width: 660px) 100vw, 660px\" \/><\/a>\n\t\t\t<\/div><\/figure>\n\t\t<\/div>\n\n<p style=\"text-align: justify;\">\n","protected":false},"excerpt":{"rendered":"<p>KAMI\u015eLI \u2013 Kam\u0131\u015fl\u0131 kentinin bat\u0131s\u0131nda patlay\u0131c\u0131 y\u00fckl\u00fc bir arac\u0131n infilak etmesi sonucunda baz\u0131 vatanda\u015flar \u00f6l\u00fc ve yaral\u0131 d\u00fc\u015ft\u00fc. SANA muhabiri, Kam\u0131\u015fl\u0131 Kenti Munir Habib Caddesi \u00d6meri Lokantas\u0131 yak\u0131n\u0131nda bug\u00fcn \u00f6\u011fleden sonra patlay\u0131c\u0131 madde y\u00fckl\u00fc bir arac\u0131n\u0131n infilak etmesi sonucunda baz\u0131 vatanda\u015flar\u0131n \u015fehit ve yaral\u0131 d\u00fc\u015ft\u00fcklerini, m\u00fclklerde de b\u00fcy\u00fck maddi hasarlar\u0131n meydana geldi\u011fini s\u00f6yledi. Bilinece\u011fi \u00fczere &hellip;<\/p>\n","protected":false},"author":1,"featured_media":192866,"comment_status":"closed","ping_status":"closed","sticky":false,"template":"","format":"standard","meta":{"footnotes":""},"categories":[479,575,17988,478],"tags":[],"class_list":["post-192865","post","type-post","status-publish","format-standard","has-post-thumbnail","","category-haberler-yerel","category-olaylar-ve-gercekler","category-son-haberler","category-yerel"],"_links":{"self":[{"href":"https:\/\/archive.sana.sy\/tr\/index.php?rest_route=\/wp\/v2\/posts\/192865","targetHints":{"allow":["GET"]}}],"collection":[{"href":"https:\/\/archive.sana.sy\/tr\/index.php?rest_route=\/wp\/v2\/posts"}],"about":[{"href":"https:\/\/archive.sana.sy\/tr\/index.php?rest_route=\/wp\/v2\/types\/post"}],"author":[{"embeddable":true,"href":"https:\/\/archive.sana.sy\/tr\/index.php?rest_route=\/wp\/v2\/users\/1"}],"replies":[{"embeddable":true,"href":"https:\/\/archive.sana.sy\/tr\/index.php?rest_route=%2Fwp%2Fv2%2Fcomments&post=192865"}],"version-history":[{"count":0,"href":"https:\/\/archive.sana.sy\/tr\/index.php?rest_route=\/wp\/v2\/posts\/192865\/revisions"}],"wp:featuredmedia":[{"embeddable":true,"href":"https:\/\/archive.sana.sy\/tr\/index.php?rest_route=\/wp\/v2\/media\/192866"}],"wp:attachment":[{"href":"https:\/\/archive.sana.sy\/tr\/index.php?rest_route=%2Fwp%2Fv2%2Fmedia&parent=192865"}],"wp:term":[{"taxonomy":"category","embeddable":true,"href":"https:\/\/archive.sana.sy\/tr\/index.php?rest_route=%2Fwp%2Fv2%2Fcategories&post=192865"},{"taxonomy":"post_tag","embeddable":true,"href":"https:\/\/archive.sana.sy\/tr\/index.php?rest_route=%2Fwp%2Fv2%2Ftags&post=192865"}],"curies":[{"name":"wp","href":"https:\/\/api.w.org\/{rel}","templated":true}]}}