{"id":192885,"date":"2019-10-12T14:21:47","date_gmt":"2019-10-12T11:21:47","guid":{"rendered":"http:\/\/www.sana.sy\/tr\/?p=192885"},"modified":"2019-10-13T15:44:32","modified_gmt":"2019-10-13T12:44:32","slug":"turk-rejiminin-devam-ettigi-saldirganliginda-suriyenin-kuzeyindeki-bir-dizi-yerler-bombardimana-maruz-kaldi","status":"publish","type":"post","link":"https:\/\/archive.sana.sy\/tr\/?p=192885","title":{"rendered":"T\u00fcrk Rejiminin Devam Etti\u011fi Sald\u0131rganl\u0131\u011f\u0131nda Suriye&#8217;nin Kuzeyindeki Bir Dizi B\u00f6lgeler Bombard\u0131mana Maruz Kald\u0131"},"content":{"rendered":"<p>HASEKE \u2013 T\u00fcrk rejiminin g\u00fc\u00e7leri 4. g\u00fcnde olarak Suriye topraklar\u0131na y\u00f6nelik sald\u0131rganl\u0131\u011f\u0131na devam ederken Rasul Ayn s\u0131n\u0131r noktas\u0131n\u0131 ve kentin baz\u0131 semtlerini i\u015fgal ettiler.<\/p>\n<p>SANA\u2019n\u0131n muhabiri; T\u00fcrk rejimi hava kuvvetlerinin Haseke k\u0131rsal\u0131nda yer alan Rasul Ayn\u00a0 ve Tel Tamer aras\u0131ndaki anayolunda bulunan Salhiye K\u00f6y\u00fcn\u00fc bombalad\u0131klar\u0131n\u0131 belirtti.<\/p>\n<p>Muhabir; sald\u0131rgan rejiminin hava kuvvetlerinin Mebruke B\u00f6lgeindeki 230KV elektrik hatt\u0131n\u0131 da hedef ald\u0131klar\u0131 sonucunda hizmet d\u0131\u015f\u0131 kald\u0131\u011f\u0131n\u0131 belirtirken Haseke \u0130line elektrik sa\u011flanmas\u0131 alternatif hatla s\u00fcrd\u00fcr\u00fcld\u00fc\u011f\u00fcne i\u015faret etti.<\/p>\n<p>Muhabir; DSG b\u00f6l\u00fcc\u00fc gruplar\u0131n\u0131n sa\u011fa sola ka\u00e7t\u0131klar\u0131 nedeniyle T\u00fcrk rejiminin i\u015fgalci g\u00fc\u00e7lerinin Tervaziye K\u00f6y\u00fcn\u00fc kontrol alt\u0131na ge\u00e7irdikleri ard\u0131ndan Haseke ve Halep aras\u0131ndaki anayolunu kestiklerini belirtti. Muhabir; k\u0131sa s\u00fcre sonra i\u015fgalci g\u00fc\u00e7lerinin Haleb ve Haseke anayolundan geri \u00e7ekildi\u011fini ifade etti.<\/p>\n<p>\u00d6te yandan muhabir; ABD i\u015fgalci g\u00fc\u00e7lerinin Haseke k\u0131rsal\u0131n\u0131n g\u00fcneyinde yer alan \u015eedadi hapishanesinden 80 I\u015e\u0130D\u2019li yabanc\u0131 ter\u00f6ristleri Haseke k\u0131rsal\u0131n\u0131n g\u00fcneydo\u011fusunda bulunan Margade Nahiyesine tabi gayri me\u015fru Tel Saffuk adl\u0131 ge\u00e7idi \u00fczerinden Irak\u2019a do\u011fru aktard\u0131klar\u0131n\u0131 belirtti.<\/p>\n<p>Bu arada muhabir; T\u00fcrk sald\u0131rganl\u0131\u011f\u0131n\u0131n bombard\u0131manla Rasul Ayn Kentinin ana pazar\u0131n\u0131 hedef ald\u0131\u011f\u0131n\u0131 ekledi.<\/p>\n<p>Daha sonraki saatlerinde muhabir; Haseke\u2019nin \u011euveyrin Semtindeki hapishanesinin g\u00fcneybat\u0131s\u0131ndaki giri\u015finde bomba y\u00fckl\u00fc bir arabas\u0131n\u0131n patlamas\u0131ndan saatler sonra Haseke k\u0131rsal\u0131n\u0131n g\u00fcneyinde bomba y\u00fckl\u00fc bir motosikletin patlamas\u0131n\u0131 da belirtti.<\/p>\n<p>Muhabir; Kam\u0131\u015fl\u0131\u2019daki ekmek f\u0131r\u0131n\u0131n T\u00fcrk rejimi at\u0131\u015f\u0131na maruz kald\u0131\u011f\u0131 sonucunda bir f\u0131r\u0131n i\u015f\u00e7inin \u015fehit d\u00fc\u015ft\u00fc\u011f\u00fcn\u00fc ve di\u011fer bir vatanda\u015f\u0131n Rasul Ayn Kentine y\u00f6nelik bombard\u0131man sonucunda \u015fehit d\u00fc\u015ft\u00fc\u011f\u00fcn\u00fc belirtti.<\/p>\n<p>\u00c7eviri: P.M.<\/p>\n<p>&nbsp;<\/p>\n","protected":false},"excerpt":{"rendered":"<p>HASEKE \u2013 T\u00fcrk rejiminin g\u00fc\u00e7leri 4. g\u00fcnde olarak Suriye topraklar\u0131na y\u00f6nelik sald\u0131rganl\u0131\u011f\u0131na devam ederken Rasul Ayn s\u0131n\u0131r noktas\u0131n\u0131 ve kentin baz\u0131 semtlerini i\u015fgal ettiler. SANA\u2019n\u0131n muhabiri; T\u00fcrk rejimi hava kuvvetlerinin Haseke k\u0131rsal\u0131nda yer alan Rasul Ayn\u00a0 ve Tel Tamer aras\u0131ndaki anayolunda bulunan Salhiye K\u00f6y\u00fcn\u00fc bombalad\u0131klar\u0131n\u0131 belirtti. Muhabir; sald\u0131rgan rejiminin hava kuvvetlerinin Mebruke B\u00f6lgeindeki 230KV elektrik &hellip;<\/p>\n","protected":false},"author":1,"featured_media":192886,"comment_status":"closed","ping_status":"closed","sticky":false,"template":"","format":"standard","meta":{"footnotes":""},"categories":[479,575,17988,478],"tags":[],"class_list":["post-192885","post","type-post","status-publish","format-standard","has-post-thumbnail","","category-haberler-yerel","category-olaylar-ve-gercekler","category-son-haberler","category-yerel"],"_links":{"self":[{"href":"https:\/\/archive.sana.sy\/tr\/index.php?rest_route=\/wp\/v2\/posts\/192885","targetHints":{"allow":["GET"]}}],"collection":[{"href":"https:\/\/archive.sana.sy\/tr\/index.php?rest_route=\/wp\/v2\/posts"}],"about":[{"href":"https:\/\/archive.sana.sy\/tr\/index.php?rest_route=\/wp\/v2\/types\/post"}],"author":[{"embeddable":true,"href":"https:\/\/archive.sana.sy\/tr\/index.php?rest_route=\/wp\/v2\/users\/1"}],"replies":[{"embeddable":true,"href":"https:\/\/archive.sana.sy\/tr\/index.php?rest_route=%2Fwp%2Fv2%2Fcomments&post=192885"}],"version-history":[{"count":0,"href":"https:\/\/archive.sana.sy\/tr\/index.php?rest_route=\/wp\/v2\/posts\/192885\/revisions"}],"wp:featuredmedia":[{"embeddable":true,"href":"https:\/\/archive.sana.sy\/tr\/index.php?rest_route=\/wp\/v2\/media\/192886"}],"wp:attachment":[{"href":"https:\/\/archive.sana.sy\/tr\/index.php?rest_route=%2Fwp%2Fv2%2Fmedia&parent=192885"}],"wp:term":[{"taxonomy":"category","embeddable":true,"href":"https:\/\/archive.sana.sy\/tr\/index.php?rest_route=%2Fwp%2Fv2%2Fcategories&post=192885"},{"taxonomy":"post_tag","embeddable":true,"href":"https:\/\/archive.sana.sy\/tr\/index.php?rest_route=%2Fwp%2Fv2%2Ftags&post=192885"}],"curies":[{"name":"wp","href":"https:\/\/api.w.org\/{rel}","templated":true}]}}