{"id":192888,"date":"2019-10-12T14:39:16","date_gmt":"2019-10-12T11:39:16","guid":{"rendered":"http:\/\/www.sana.sy\/tr\/?p=192888"},"modified":"2019-10-15T14:11:09","modified_gmt":"2019-10-15T11:11:09","slug":"grospic-suriye-topraklarina-karsi-turk-saldirganligi-uluslararasi-kanunlara-acik-bir-ihlaldir","status":"publish","type":"post","link":"https:\/\/archive.sana.sy\/tr\/?p=192888","title":{"rendered":"Grospi\u00e7: Suriye Topraklar\u0131na Kar\u015f\u0131 T\u00fcrk Sald\u0131rganl\u0131\u011f\u0131 Uluslararas\u0131 Kanunlara A\u00e7\u0131k Bir \u0130hlaldir"},"content":{"rendered":"<p>PRAG \u2013 \u00c7ek Cumhuriyeti Parlamentosunda Suriye \u00c7ek Parlamenter Dostluk Grubu Ba\u015fkan\u0131 Stanislav Grospic; T\u00fcrk rejiminin Suriye topraklar\u0131na y\u00f6nelik bulundu\u011fu sald\u0131rganl\u0131\u011f\u0131n\u0131n BM ve uluslararas\u0131 kanununa a\u00e7\u0131k bir ihlal oldu\u011funu vurgulad\u0131.<\/p>\n<p>Prag\u2019daki SANA muhabirine yapt\u0131\u011f\u0131 a\u00e7\u0131klamada Grospi\u00e7; T\u00fcrk rejiminin Suriyelilerin \u00e7\u0131karlar\u0131n\u0131 koruma ile ilgili iddialar\u0131n\u0131n yalan oldu\u011funa dikkat \u00e7ekerek T\u00fcrk rejiminin bu iddialar\u0131yla Suriye topraklar\u0131na y\u00f6nelik geni\u015fleme planlar\u0131n\u0131 gizlemek istedi\u011fini belirtti. Grospi\u00e7; T\u00fcrk rejiminin ter\u00f6r \u00f6rg\u00fctleri korumaya ve sivillere kar\u015f\u0131 ter\u00f6r\u00fc uygulamaya \u00e7al\u0131\u015ft\u0131\u011f\u0131na i\u015faret ederken egemenli\u011fine sahip Suriye\u2019nin yeralt\u0131 zenginlikleri ve antik eserlerini \u00e7almaya \u00e7al\u0131\u015ft\u0131\u011f\u0131n\u0131 vurgulad\u0131.<\/p>\n<p>Grospi\u00e7 ayr\u0131ca; sald\u0131rganl\u0131k s\u0131ras\u0131nda t\u00fcm be\u015feri ve maddi hasarlar\u0131ndan T\u00fcrk rejiminin sorumlu oldu\u011funu vurgulad\u0131.<\/p>\n<p>Son olarak Grospi\u00e7; Suriye\u2019nin egemenli\u011fini ve toprak b\u00fct\u00fcnl\u00fc\u011f\u00fcn\u00fc destekleme konusundaki tutumunu yenileyerek Suriye\u2019de gayri me\u015fru \u015fekilde mevcut olan t\u00fcm yabanc\u0131 g\u00fc\u00e7lerinin geri \u00e7ekilmesi gerekti\u011fini ve Suriye gelece\u011fine karar verme konusunda sadece Suriye halk\u0131n\u0131n hak sahibi oldu\u011funa vurgu yapt\u0131.<\/p>\n<p>\u00c7eviri: P.M.<\/p>\n","protected":false},"excerpt":{"rendered":"<p>PRAG \u2013 \u00c7ek Cumhuriyeti Parlamentosunda Suriye \u00c7ek Parlamenter Dostluk Grubu Ba\u015fkan\u0131 Stanislav Grospic; T\u00fcrk rejiminin Suriye topraklar\u0131na y\u00f6nelik bulundu\u011fu sald\u0131rganl\u0131\u011f\u0131n\u0131n BM ve uluslararas\u0131 kanununa a\u00e7\u0131k bir ihlal oldu\u011funu vurgulad\u0131. Prag\u2019daki SANA muhabirine yapt\u0131\u011f\u0131 a\u00e7\u0131klamada Grospi\u00e7; T\u00fcrk rejiminin Suriyelilerin \u00e7\u0131karlar\u0131n\u0131 koruma ile ilgili iddialar\u0131n\u0131n yalan oldu\u011funa dikkat \u00e7ekerek T\u00fcrk rejiminin bu iddialar\u0131yla Suriye topraklar\u0131na y\u00f6nelik geni\u015fleme &hellip;<\/p>\n","protected":false},"author":1,"featured_media":192889,"comment_status":"closed","ping_status":"closed","sticky":false,"template":"","format":"standard","meta":{"footnotes":""},"categories":[458,459,17988],"tags":[],"class_list":["post-192888","post","type-post","status-publish","format-standard","has-post-thumbnail","","category-dunya1","category-haberler-arap-uluslararasi-politika","category-son-haberler"],"_links":{"self":[{"href":"https:\/\/archive.sana.sy\/tr\/index.php?rest_route=\/wp\/v2\/posts\/192888","targetHints":{"allow":["GET"]}}],"collection":[{"href":"https:\/\/archive.sana.sy\/tr\/index.php?rest_route=\/wp\/v2\/posts"}],"about":[{"href":"https:\/\/archive.sana.sy\/tr\/index.php?rest_route=\/wp\/v2\/types\/post"}],"author":[{"embeddable":true,"href":"https:\/\/archive.sana.sy\/tr\/index.php?rest_route=\/wp\/v2\/users\/1"}],"replies":[{"embeddable":true,"href":"https:\/\/archive.sana.sy\/tr\/index.php?rest_route=%2Fwp%2Fv2%2Fcomments&post=192888"}],"version-history":[{"count":0,"href":"https:\/\/archive.sana.sy\/tr\/index.php?rest_route=\/wp\/v2\/posts\/192888\/revisions"}],"wp:featuredmedia":[{"embeddable":true,"href":"https:\/\/archive.sana.sy\/tr\/index.php?rest_route=\/wp\/v2\/media\/192889"}],"wp:attachment":[{"href":"https:\/\/archive.sana.sy\/tr\/index.php?rest_route=%2Fwp%2Fv2%2Fmedia&parent=192888"}],"wp:term":[{"taxonomy":"category","embeddable":true,"href":"https:\/\/archive.sana.sy\/tr\/index.php?rest_route=%2Fwp%2Fv2%2Fcategories&post=192888"},{"taxonomy":"post_tag","embeddable":true,"href":"https:\/\/archive.sana.sy\/tr\/index.php?rest_route=%2Fwp%2Fv2%2Ftags&post=192888"}],"curies":[{"name":"wp","href":"https:\/\/api.w.org\/{rel}","templated":true}]}}