{"id":192891,"date":"2019-10-12T15:03:31","date_gmt":"2019-10-12T12:03:31","guid":{"rendered":"http:\/\/www.sana.sy\/tr\/?p=192891"},"modified":"2019-10-15T13:52:17","modified_gmt":"2019-10-15T10:52:17","slug":"suriye-topraklarina-yonelik-turk-rejiminin-saldirganliginda-4-turk-asker-olduruldu-6-asker-de-yaralandi","status":"publish","type":"post","link":"https:\/\/archive.sana.sy\/tr\/?p=192891","title":{"rendered":"Suriye Topraklar\u0131na Y\u00f6nelik T\u00fcrk Rejiminin Sald\u0131rganl\u0131\u011f\u0131nda 4 T\u00fcrk Asker \u00d6ld\u00fcr\u00fcld\u00fc 6 Asker de Yaraland\u0131"},"content":{"rendered":"<p>ANKARA \u2013 T\u00fcrk rejiminin Suriye topraklar\u0131na y\u00f6nelik sald\u0131rganl\u0131\u011f\u0131 s\u0131ras\u0131nda T\u00fcrk i\u015fgalci g\u00fc\u00e7lerinin ve DSG b\u00f6l\u00fcc\u00fc gruplar aras\u0131ndaki yer alan \u00e7at\u0131\u015fmalar sonucunda 4 T\u00fcrk asker \u00f6ld\u00fcr\u00fcld\u00fc ve 6 asker yaraland\u0131.<\/p>\n<p>T\u00fcrk rejimi s\u00f6zc\u00fcs\u00fc Anadolu haber ajans\u0131; Halep k\u0131rsal\u0131n\u0131n kuzeybat\u0131s\u0131nda meydana gelen havan at\u0131\u015f\u0131 sonucunda 2 T\u00fcrk askerin \u00f6ld\u00fcr\u00fcld\u00fc\u011f\u00fcn\u00fc ve 3 askerin yaraland\u0131\u011f\u0131n\u0131 belirtti. Anadolu ajans\u0131; Haseke ve Rakka \u0130llerinde Suriye topraklar\u0131na y\u00f6nelik T\u00fcrk sald\u0131rganl\u0131\u011f\u0131 s\u0131ras\u0131nda 1 T\u00fcrk askerin \u00f6ld\u00fcr\u00fcld\u00fc\u011f\u00fcn\u00fc ve 3 askerin yaraland\u0131\u011f\u0131n\u0131 belirtti.<\/p>\n<p>T\u00fcrk rejimi \u0130\u00e7i\u015fleri Bakanl\u0131\u011f\u0131n\u0131n a\u00e7\u0131klad\u0131\u011f\u0131yla d\u00fcn 4. bir asker de \u00a0\u00f6ld\u00fcr\u00fcld\u00fc.<\/p>\n<p>\u00c7eviri: P.M.<\/p>\n","protected":false},"excerpt":{"rendered":"<p>ANKARA \u2013 T\u00fcrk rejiminin Suriye topraklar\u0131na y\u00f6nelik sald\u0131rganl\u0131\u011f\u0131 s\u0131ras\u0131nda T\u00fcrk i\u015fgalci g\u00fc\u00e7lerinin ve DSG b\u00f6l\u00fcc\u00fc gruplar aras\u0131ndaki yer alan \u00e7at\u0131\u015fmalar sonucunda 4 T\u00fcrk asker \u00f6ld\u00fcr\u00fcld\u00fc ve 6 asker yaraland\u0131. T\u00fcrk rejimi s\u00f6zc\u00fcs\u00fc Anadolu haber ajans\u0131; Halep k\u0131rsal\u0131n\u0131n kuzeybat\u0131s\u0131nda meydana gelen havan at\u0131\u015f\u0131 sonucunda 2 T\u00fcrk askerin \u00f6ld\u00fcr\u00fcld\u00fc\u011f\u00fcn\u00fc ve 3 askerin yaraland\u0131\u011f\u0131n\u0131 belirtti. Anadolu ajans\u0131; Haseke &hellip;<\/p>\n","protected":false},"author":1,"featured_media":192893,"comment_status":"closed","ping_status":"closed","sticky":false,"template":"","format":"standard","meta":{"footnotes":""},"categories":[17988,2554,2555],"tags":[],"class_list":["post-192891","post","type-post","status-publish","format-standard","has-post-thumbnail","","category-son-haberler","category-suriye-ve-dunya","category-suriye-ve-turkiye"],"_links":{"self":[{"href":"https:\/\/archive.sana.sy\/tr\/index.php?rest_route=\/wp\/v2\/posts\/192891","targetHints":{"allow":["GET"]}}],"collection":[{"href":"https:\/\/archive.sana.sy\/tr\/index.php?rest_route=\/wp\/v2\/posts"}],"about":[{"href":"https:\/\/archive.sana.sy\/tr\/index.php?rest_route=\/wp\/v2\/types\/post"}],"author":[{"embeddable":true,"href":"https:\/\/archive.sana.sy\/tr\/index.php?rest_route=\/wp\/v2\/users\/1"}],"replies":[{"embeddable":true,"href":"https:\/\/archive.sana.sy\/tr\/index.php?rest_route=%2Fwp%2Fv2%2Fcomments&post=192891"}],"version-history":[{"count":0,"href":"https:\/\/archive.sana.sy\/tr\/index.php?rest_route=\/wp\/v2\/posts\/192891\/revisions"}],"wp:featuredmedia":[{"embeddable":true,"href":"https:\/\/archive.sana.sy\/tr\/index.php?rest_route=\/wp\/v2\/media\/192893"}],"wp:attachment":[{"href":"https:\/\/archive.sana.sy\/tr\/index.php?rest_route=%2Fwp%2Fv2%2Fmedia&parent=192891"}],"wp:term":[{"taxonomy":"category","embeddable":true,"href":"https:\/\/archive.sana.sy\/tr\/index.php?rest_route=%2Fwp%2Fv2%2Fcategories&post=192891"},{"taxonomy":"post_tag","embeddable":true,"href":"https:\/\/archive.sana.sy\/tr\/index.php?rest_route=%2Fwp%2Fv2%2Ftags&post=192891"}],"curies":[{"name":"wp","href":"https:\/\/api.w.org\/{rel}","templated":true}]}}