{"id":192916,"date":"2019-10-12T12:05:09","date_gmt":"2019-10-12T09:05:09","guid":{"rendered":"http:\/\/www.sana.sy\/tr\/?p=192916"},"modified":"2019-10-15T14:09:40","modified_gmt":"2019-10-15T11:09:40","slug":"vatan-bayragini-afrikanin-en-yuksek-zirvesinde-yukseltti","status":"publish","type":"post","link":"https:\/\/archive.sana.sy\/tr\/?p=192916","title":{"rendered":"Vatan Bayra\u011f\u0131 Afrika&#8217;n\u0131n En Y\u00fcksek Zirvesinde Y\u00fckseltti"},"content":{"rendered":"<p>DUDUMA\/TANZANYA \u00a0\u2013 Suriyeli macerac\u0131 Omar el Hasri Tanzanya\u2019n\u0131n kuzeybat\u0131s\u0131nda yer alan Kilimanjaro adl\u0131 Afrika\u2019n\u0131n en y\u00fcksek zirvesini t\u0131rmanarak Suriye Bayra\u011f\u0131n\u0131 y\u00fckseltti.<\/p>\n<p>Hasri SANA muhabirine yapt\u0131\u011f\u0131 a\u00e7\u0131klamada; 10 g\u00fcnl\u00fck zor fakat e\u011flenceli yolculu\u011fundan sonra 5895 y\u00fcksekli\u011finde bulunan Kilimanjaro zirvesine ula\u015ft\u0131\u011f\u0131n\u0131 belirtti.<\/p>\n<p>Ge\u00e7en sene Hasri Suriye Bayra\u011f\u0131n\u0131n onurunda Himalaya\u2019da 5400 y\u00fcksekli\u011fine ula\u015ft\u0131.<\/p>\n<p>Ayr\u0131 bir macerada gurbette ya\u015fanan Suriyeli Silvana Bitar ise ge\u00e7en y\u0131l\u0131n \u015eubat ay\u0131nda Venez\u00fcella\u2019n\u0131n en y\u00fcksek olan Naiguata zirvesine ula\u015f\u0131p Suriye Bayra\u011f\u0131n\u0131 y\u00fckseltti.<\/p>\n<p>\u00c7eviri: P.M.<\/p>\n","protected":false},"excerpt":{"rendered":"<p>DUDUMA\/TANZANYA \u00a0\u2013 Suriyeli macerac\u0131 Omar el Hasri Tanzanya\u2019n\u0131n kuzeybat\u0131s\u0131nda yer alan Kilimanjaro adl\u0131 Afrika\u2019n\u0131n en y\u00fcksek zirvesini t\u0131rmanarak Suriye Bayra\u011f\u0131n\u0131 y\u00fckseltti. Hasri SANA muhabirine yapt\u0131\u011f\u0131 a\u00e7\u0131klamada; 10 g\u00fcnl\u00fck zor fakat e\u011flenceli yolculu\u011fundan sonra 5895 y\u00fcksekli\u011finde bulunan Kilimanjaro zirvesine ula\u015ft\u0131\u011f\u0131n\u0131 belirtti. Ge\u00e7en sene Hasri Suriye Bayra\u011f\u0131n\u0131n onurunda Himalaya\u2019da 5400 y\u00fcksekli\u011fine ula\u015ft\u0131. Ayr\u0131 bir macerada gurbette ya\u015fanan &hellip;<\/p>\n","protected":false},"author":1,"featured_media":192917,"comment_status":"closed","ping_status":"closed","sticky":false,"template":"","format":"standard","meta":{"footnotes":""},"categories":[498,17988,496],"tags":[],"class_list":["post-192916","post","type-post","status-publish","format-standard","has-post-thumbnail","","category-dunya-turnuvalari","category-son-haberler","category-spor"],"_links":{"self":[{"href":"https:\/\/archive.sana.sy\/tr\/index.php?rest_route=\/wp\/v2\/posts\/192916","targetHints":{"allow":["GET"]}}],"collection":[{"href":"https:\/\/archive.sana.sy\/tr\/index.php?rest_route=\/wp\/v2\/posts"}],"about":[{"href":"https:\/\/archive.sana.sy\/tr\/index.php?rest_route=\/wp\/v2\/types\/post"}],"author":[{"embeddable":true,"href":"https:\/\/archive.sana.sy\/tr\/index.php?rest_route=\/wp\/v2\/users\/1"}],"replies":[{"embeddable":true,"href":"https:\/\/archive.sana.sy\/tr\/index.php?rest_route=%2Fwp%2Fv2%2Fcomments&post=192916"}],"version-history":[{"count":0,"href":"https:\/\/archive.sana.sy\/tr\/index.php?rest_route=\/wp\/v2\/posts\/192916\/revisions"}],"wp:featuredmedia":[{"embeddable":true,"href":"https:\/\/archive.sana.sy\/tr\/index.php?rest_route=\/wp\/v2\/media\/192917"}],"wp:attachment":[{"href":"https:\/\/archive.sana.sy\/tr\/index.php?rest_route=%2Fwp%2Fv2%2Fmedia&parent=192916"}],"wp:term":[{"taxonomy":"category","embeddable":true,"href":"https:\/\/archive.sana.sy\/tr\/index.php?rest_route=%2Fwp%2Fv2%2Fcategories&post=192916"},{"taxonomy":"post_tag","embeddable":true,"href":"https:\/\/archive.sana.sy\/tr\/index.php?rest_route=%2Fwp%2Fv2%2Ftags&post=192916"}],"curies":[{"name":"wp","href":"https:\/\/api.w.org\/{rel}","templated":true}]}}