{"id":193132,"date":"2019-10-15T16:31:27","date_gmt":"2019-10-15T13:31:27","guid":{"rendered":"http:\/\/www.sana.sy\/tr\/?p=193132"},"modified":"2019-10-15T16:31:27","modified_gmt":"2019-10-15T13:31:27","slug":"deyrezzor-kirsalinin-dogusunda-yer-alan-el-mayadin-kentinin-halki-ordu-birliklerimizin-cezire-bolgelerine-girmelerini-kutluyor","status":"publish","type":"post","link":"https:\/\/archive.sana.sy\/tr\/?p=193132","title":{"rendered":"Deyrezzor k\u0131rsal\u0131n\u0131n do\u011fusunda yer alan el Mayadin Kentinin halk\u0131  ordu birliklerimizin Cezire b\u00f6lgelerine girmelerini kutluyor"},"content":{"rendered":"<p>Deyrezzor k\u0131rsal\u0131n\u0131n do\u011fusunda yer alan el Mayadin Kentinin halk\u0131 ordu birliklerimizin Cezire b\u00f6lgelerine girmelerini kutluyor<br \/>\n<iframe loading=\"lazy\" src=\"https:\/\/www.youtube.com\/embed\/xUjmxzu9VpY\" width=\"620\" height=\"348\" frameborder=\"0\" allowfullscreen=\"allowfullscreen\"><\/iframe><\/p>\n","protected":false},"excerpt":{"rendered":"<p>Deyrezzor k\u0131rsal\u0131n\u0131n do\u011fusunda yer alan el Mayadin Kentinin halk\u0131 ordu birliklerimizin Cezire b\u00f6lgelerine girmelerini kutluyor<\/p>\n","protected":false},"author":1,"featured_media":193135,"comment_status":"closed","ping_status":"closed","sticky":false,"template":"","format":"standard","meta":{"footnotes":""},"categories":[18295],"tags":[],"class_list":["post-193132","post","type-post","status-publish","format-standard","has-post-thumbnail","","category-sana-video"],"_links":{"self":[{"href":"https:\/\/archive.sana.sy\/tr\/index.php?rest_route=\/wp\/v2\/posts\/193132","targetHints":{"allow":["GET"]}}],"collection":[{"href":"https:\/\/archive.sana.sy\/tr\/index.php?rest_route=\/wp\/v2\/posts"}],"about":[{"href":"https:\/\/archive.sana.sy\/tr\/index.php?rest_route=\/wp\/v2\/types\/post"}],"author":[{"embeddable":true,"href":"https:\/\/archive.sana.sy\/tr\/index.php?rest_route=\/wp\/v2\/users\/1"}],"replies":[{"embeddable":true,"href":"https:\/\/archive.sana.sy\/tr\/index.php?rest_route=%2Fwp%2Fv2%2Fcomments&post=193132"}],"version-history":[{"count":0,"href":"https:\/\/archive.sana.sy\/tr\/index.php?rest_route=\/wp\/v2\/posts\/193132\/revisions"}],"wp:featuredmedia":[{"embeddable":true,"href":"https:\/\/archive.sana.sy\/tr\/index.php?rest_route=\/wp\/v2\/media\/193135"}],"wp:attachment":[{"href":"https:\/\/archive.sana.sy\/tr\/index.php?rest_route=%2Fwp%2Fv2%2Fmedia&parent=193132"}],"wp:term":[{"taxonomy":"category","embeddable":true,"href":"https:\/\/archive.sana.sy\/tr\/index.php?rest_route=%2Fwp%2Fv2%2Fcategories&post=193132"},{"taxonomy":"post_tag","embeddable":true,"href":"https:\/\/archive.sana.sy\/tr\/index.php?rest_route=%2Fwp%2Fv2%2Ftags&post=193132"}],"curies":[{"name":"wp","href":"https:\/\/api.w.org\/{rel}","templated":true}]}}