{"id":193146,"date":"2019-10-15T17:16:28","date_gmt":"2019-10-15T14:16:28","guid":{"rendered":"http:\/\/www.sana.sy\/tr\/?p=193146"},"modified":"2019-10-16T14:04:19","modified_gmt":"2019-10-16T11:04:19","slug":"ordu-birliklerimiz-halep-kirsalinin-kuzeydogusundaki-menbic-kentinde-konuslandirmasini-tamamladi","status":"publish","type":"post","link":"https:\/\/archive.sana.sy\/tr\/?p=193146","title":{"rendered":"Ordu Birlikleri Halep K\u0131rsal\u0131n\u0131n Kuzeydo\u011fusundaki Menbi\u00e7 Kentinde Konu\u015flanmas\u0131n\u0131 Tamamlad\u0131"},"content":{"rendered":"<p>HALEP \u2013 Ordu birlikleri Halep k\u0131rsal\u0131n\u0131n kuzeydo\u011fusunda yer alan Menbi\u00e7 Kenti ve civar\u0131ndaki b\u00f6lgelerde Konu\u015flanmas\u0131n\u0131 tamamlad\u0131.<\/p>\n<p>SANA muhabiri; Menbi\u00e7 Kentinin halk\u0131n\u0131n kentin meydanlar\u0131nda toplan\u0131p ordu birliklerimizin girmesini kutlad\u0131klar\u0131n\u0131 anda DSG b\u00f6l\u00fcc\u00fc gruplar\u0131n\u0131n onlar\u0131 da\u011f\u0131tmak i\u00e7in ate\u015f a\u00e7t\u0131klar\u0131n\u0131 belirtti.<\/p>\n<p>\u00c7eviri: P.M.<\/p>\n<div id='gallery-1' class='gallery galleryid-193146 gallery-columns-2 gallery-size-full'><figure class='gallery-item'>\n\t\t\t<div class='gallery-icon landscape'>\n\t\t\t\t<a href='https:\/\/archive.sana.sy\/tr\/wp-content\/uploads\/2019\/10\/photo_2019-10-15_15-49-54-copy.jpg'><img loading=\"lazy\" decoding=\"async\" width=\"3543\" height=\"1987\" src=\"https:\/\/archive.sana.sy\/tr\/wp-content\/uploads\/2019\/10\/photo_2019-10-15_15-49-54-copy.jpg\" class=\"attachment-full size-full\" alt=\"\" srcset=\"https:\/\/archive.sana.sy\/tr\/wp-content\/uploads\/2019\/10\/photo_2019-10-15_15-49-54-copy.jpg 3543w, https:\/\/archive.sana.sy\/tr\/wp-content\/uploads\/2019\/10\/photo_2019-10-15_15-49-54-copy-150x84.jpg 150w, https:\/\/archive.sana.sy\/tr\/wp-content\/uploads\/2019\/10\/photo_2019-10-15_15-49-54-copy-300x168.jpg 300w, https:\/\/archive.sana.sy\/tr\/wp-content\/uploads\/2019\/10\/photo_2019-10-15_15-49-54-copy-768x431.jpg 768w, https:\/\/archive.sana.sy\/tr\/wp-content\/uploads\/2019\/10\/photo_2019-10-15_15-49-54-copy-1024x574.jpg 1024w\" sizes=\"auto, (max-width: 3543px) 100vw, 3543px\" \/><\/a>\n\t\t\t<\/div><\/figure><figure class='gallery-item'>\n\t\t\t<div class='gallery-icon landscape'>\n\t\t\t\t<a href='https:\/\/archive.sana.sy\/tr\/wp-content\/uploads\/2019\/10\/photo_2019-10-15_15-56-58.jpg'><img loading=\"lazy\" decoding=\"async\" width=\"3543\" height=\"1982\" src=\"https:\/\/archive.sana.sy\/tr\/wp-content\/uploads\/2019\/10\/photo_2019-10-15_15-56-58.jpg\" class=\"attachment-full size-full\" alt=\"\" srcset=\"https:\/\/archive.sana.sy\/tr\/wp-content\/uploads\/2019\/10\/photo_2019-10-15_15-56-58.jpg 3543w, https:\/\/archive.sana.sy\/tr\/wp-content\/uploads\/2019\/10\/photo_2019-10-15_15-56-58-150x84.jpg 150w, https:\/\/archive.sana.sy\/tr\/wp-content\/uploads\/2019\/10\/photo_2019-10-15_15-56-58-300x168.jpg 300w, https:\/\/archive.sana.sy\/tr\/wp-content\/uploads\/2019\/10\/photo_2019-10-15_15-56-58-768x430.jpg 768w, https:\/\/archive.sana.sy\/tr\/wp-content\/uploads\/2019\/10\/photo_2019-10-15_15-56-58-1024x573.jpg 1024w\" sizes=\"auto, (max-width: 3543px) 100vw, 3543px\" \/><\/a>\n\t\t\t<\/div><\/figure>\n\t\t<\/div>\n\n","protected":false},"excerpt":{"rendered":"<p>HALEP \u2013 Ordu birlikleri Halep k\u0131rsal\u0131n\u0131n kuzeydo\u011fusunda yer alan Menbi\u00e7 Kenti ve civar\u0131ndaki b\u00f6lgelerde Konu\u015flanmas\u0131n\u0131 tamamlad\u0131. SANA muhabiri; Menbi\u00e7 Kentinin halk\u0131n\u0131n kentin meydanlar\u0131nda toplan\u0131p ordu birliklerimizin girmesini kutlad\u0131klar\u0131n\u0131 anda DSG b\u00f6l\u00fcc\u00fc gruplar\u0131n\u0131n onlar\u0131 da\u011f\u0131tmak i\u00e7in ate\u015f a\u00e7t\u0131klar\u0131n\u0131 belirtti. \u00c7eviri: P.M.<\/p>\n","protected":false},"author":1,"featured_media":193148,"comment_status":"closed","ping_status":"closed","sticky":false,"template":"","format":"standard","meta":{"footnotes":""},"categories":[596,479,575,17988,478],"tags":[],"class_list":["post-193146","post","type-post","status-publish","format-standard","has-post-thumbnail","","category-fotografli-raporlar","category-haberler-yerel","category-olaylar-ve-gercekler","category-son-haberler","category-yerel"],"_links":{"self":[{"href":"https:\/\/archive.sana.sy\/tr\/index.php?rest_route=\/wp\/v2\/posts\/193146","targetHints":{"allow":["GET"]}}],"collection":[{"href":"https:\/\/archive.sana.sy\/tr\/index.php?rest_route=\/wp\/v2\/posts"}],"about":[{"href":"https:\/\/archive.sana.sy\/tr\/index.php?rest_route=\/wp\/v2\/types\/post"}],"author":[{"embeddable":true,"href":"https:\/\/archive.sana.sy\/tr\/index.php?rest_route=\/wp\/v2\/users\/1"}],"replies":[{"embeddable":true,"href":"https:\/\/archive.sana.sy\/tr\/index.php?rest_route=%2Fwp%2Fv2%2Fcomments&post=193146"}],"version-history":[{"count":0,"href":"https:\/\/archive.sana.sy\/tr\/index.php?rest_route=\/wp\/v2\/posts\/193146\/revisions"}],"wp:featuredmedia":[{"embeddable":true,"href":"https:\/\/archive.sana.sy\/tr\/index.php?rest_route=\/wp\/v2\/media\/193148"}],"wp:attachment":[{"href":"https:\/\/archive.sana.sy\/tr\/index.php?rest_route=%2Fwp%2Fv2%2Fmedia&parent=193146"}],"wp:term":[{"taxonomy":"category","embeddable":true,"href":"https:\/\/archive.sana.sy\/tr\/index.php?rest_route=%2Fwp%2Fv2%2Fcategories&post=193146"},{"taxonomy":"post_tag","embeddable":true,"href":"https:\/\/archive.sana.sy\/tr\/index.php?rest_route=%2Fwp%2Fv2%2Ftags&post=193146"}],"curies":[{"name":"wp","href":"https:\/\/api.w.org\/{rel}","templated":true}]}}