{"id":193156,"date":"2019-10-16T11:15:48","date_gmt":"2019-10-16T08:15:48","guid":{"rendered":"http:\/\/www.sana.sy\/tr\/?p=193156"},"modified":"2019-10-17T15:32:10","modified_gmt":"2019-10-17T12:32:10","slug":"suriye-arap-ordusu-haseke-kirsali-tel-temr-kenti-kuzeybatisinda-3-koye-daha-girdi","status":"publish","type":"post","link":"https:\/\/archive.sana.sy\/tr\/?p=193156","title":{"rendered":"Suriye Arap Ordusu Haseke K\u0131rsal\u0131 Tel Temr Kenti Kuzeybat\u0131s\u0131nda 3 K\u00f6ye Daha Girdi"},"content":{"rendered":"<p>HASEKE\/RAKKA \u2013 Suriye Arap Ordusu birlikleri T\u00fcrk kuvvetleri ile ter\u00f6rist gruplardan kiral\u0131klar\u0131n\u0131n sald\u0131rganl\u0131\u011f\u0131na kar\u015f\u0131 koymak, Haseke k\u0131rsal\u0131 ve t\u00fcm Suriye topraklar\u0131nda g\u00fcven ve istikrar\u0131 sa\u011flamak i\u00e7in, Tel Temr beldesinin kuzeybat\u0131 k\u0131rsal\u0131nda 3 yeni k\u00f6ye girdi.<\/p>\n<p>SANA muhabiri Suriye Arap Ordusu birliklerimizin Haseke ve Rakka illerinde siviller hakk\u0131nda su\u00e7lar i\u015fleyen T\u00fcrk sald\u0131rganl\u0131\u011f\u0131na kar\u015f\u0131 vatan\u0131 korumadaki ulusal g\u00f6revleri \u00e7er\u00e7evesinde d\u00fcn ak\u015fam Haseke kuzey k\u0131rsal\u0131 Tel Temr Beldesi kuzey bat\u0131 k\u0131rsal\u0131ndaki A\u011fibe\u015f, Lilan ve Tavila k\u00f6ylerine girdi\u011fini s\u00f6yledi.<\/p>\n<p>Muhabir, Ordunun giridi\u011fi k\u00f6y halk\u0131, T\u00fcrk kuvvetleri ve ter\u00f6ristlerden edatlar\u0131na kar\u015f\u0131 vatan\u0131 savunmada kendilerini korumas\u0131na y\u00f6nelik sevin\u00e7lerini dile getirerek, ter\u00f6r\u00fc defeden ordu kahramanlar\u0131n\u0131n bug\u00fcn sald\u0131rganl\u0131\u011fa kar\u015f\u0131 koymak ve vatan\u0131n d\u00f6rt bir yan\u0131nda g\u00fcven ve istikrar\u0131 sa\u011flamaya kadir oldu\u011funu vurgulad\u0131lar.<\/p>\n<p>\u00c7eviri: S.\u015eahut<\/p>\n","protected":false},"excerpt":{"rendered":"<p>HASEKE\/RAKKA \u2013 Suriye Arap Ordusu birlikleri T\u00fcrk kuvvetleri ile ter\u00f6rist gruplardan kiral\u0131klar\u0131n\u0131n sald\u0131rganl\u0131\u011f\u0131na kar\u015f\u0131 koymak, Haseke k\u0131rsal\u0131 ve t\u00fcm Suriye topraklar\u0131nda g\u00fcven ve istikrar\u0131 sa\u011flamak i\u00e7in, Tel Temr beldesinin kuzeybat\u0131 k\u0131rsal\u0131nda 3 yeni k\u00f6ye girdi. SANA muhabiri Suriye Arap Ordusu birliklerimizin Haseke ve Rakka illerinde siviller hakk\u0131nda su\u00e7lar i\u015fleyen T\u00fcrk sald\u0131rganl\u0131\u011f\u0131na kar\u015f\u0131 vatan\u0131 korumadaki ulusal &hellip;<\/p>\n","protected":false},"author":1,"featured_media":193158,"comment_status":"closed","ping_status":"closed","sticky":false,"template":"","format":"standard","meta":{"footnotes":""},"categories":[479,575,17988,478],"tags":[],"class_list":["post-193156","post","type-post","status-publish","format-standard","has-post-thumbnail","","category-haberler-yerel","category-olaylar-ve-gercekler","category-son-haberler","category-yerel"],"_links":{"self":[{"href":"https:\/\/archive.sana.sy\/tr\/index.php?rest_route=\/wp\/v2\/posts\/193156","targetHints":{"allow":["GET"]}}],"collection":[{"href":"https:\/\/archive.sana.sy\/tr\/index.php?rest_route=\/wp\/v2\/posts"}],"about":[{"href":"https:\/\/archive.sana.sy\/tr\/index.php?rest_route=\/wp\/v2\/types\/post"}],"author":[{"embeddable":true,"href":"https:\/\/archive.sana.sy\/tr\/index.php?rest_route=\/wp\/v2\/users\/1"}],"replies":[{"embeddable":true,"href":"https:\/\/archive.sana.sy\/tr\/index.php?rest_route=%2Fwp%2Fv2%2Fcomments&post=193156"}],"version-history":[{"count":0,"href":"https:\/\/archive.sana.sy\/tr\/index.php?rest_route=\/wp\/v2\/posts\/193156\/revisions"}],"wp:featuredmedia":[{"embeddable":true,"href":"https:\/\/archive.sana.sy\/tr\/index.php?rest_route=\/wp\/v2\/media\/193158"}],"wp:attachment":[{"href":"https:\/\/archive.sana.sy\/tr\/index.php?rest_route=%2Fwp%2Fv2%2Fmedia&parent=193156"}],"wp:term":[{"taxonomy":"category","embeddable":true,"href":"https:\/\/archive.sana.sy\/tr\/index.php?rest_route=%2Fwp%2Fv2%2Fcategories&post=193156"},{"taxonomy":"post_tag","embeddable":true,"href":"https:\/\/archive.sana.sy\/tr\/index.php?rest_route=%2Fwp%2Fv2%2Ftags&post=193156"}],"curies":[{"name":"wp","href":"https:\/\/api.w.org\/{rel}","templated":true}]}}