{"id":193160,"date":"2019-10-16T12:29:07","date_gmt":"2019-10-16T09:29:07","guid":{"rendered":"http:\/\/www.sana.sy\/tr\/?p=193160"},"modified":"2019-10-17T15:32:25","modified_gmt":"2019-10-17T12:32:25","slug":"suriyede-cereyan-edenler-sonuncusu-turk-saldirganligi-olan-uluslararasi-kanunlara-yonelik-ihlallerin-tehlikeli-ornegidir","status":"publish","type":"post","link":"https:\/\/archive.sana.sy\/tr\/?p=193160","title":{"rendered":"Suriye&#8217;de Cereyan Edenler Sonuncusu T\u00fcrk Sald\u0131rganl\u0131\u011f\u0131 Olan Uluslararas\u0131 Kanunlara Y\u00f6nelik \u0130hlallerin Tehlikeli  \u00d6rne\u011fidir"},"content":{"rendered":"<p>BELGRAD \u2013 Halk Meclisi Ba\u015fkan Yard\u0131mc\u0131s\u0131 Necdet Anzur, d\u00fcnyan\u0131n bug\u00fcn en \u00f6nemlisi ulusal egemenli\u011fe sayg\u0131 gmsterilmesinin oldu\u011fu Uluslararas\u0131 kanun ve kaideleriyle temel ilkelerine y\u00f6nelik tekrarlana gelen ihlaller neticesinde &#8220;tehlikeli&#8221; bir yol kav\u015fa\u011f\u0131nda oldu\u011funu s\u00f6yledi.<\/p>\n<p>S\u0131rbistan&#8217;da d\u00fczenlenen uluslararas\u0131 parlamentolar birli\u011fi genel kurulu 141. d\u00f6nem toplant\u0131s\u0131na kat\u0131lanlar\u0131n \u00f6n\u00fcnde yapt\u0131\u011f\u0131 konu\u015fmada, Suriye&#8217;de cereyan edenlerin, en sonuncusu T\u00fcrk sald\u0131rganl\u0131\u011f\u0131 olan uluslararas\u0131 t\u00fcm norm ve kanunlar\u0131na y\u00f6nelik i\u015flenen bu kadar ihlalin en tehlikeli \u00f6rne\u011fini te\u015fkil etti\u011fini belirterek, T\u00fcrkiye\u2019nin Suriye\u2019deki sava\u015f\u0131 y\u0131llar\u0131 esnas\u0131nda, Suriye&#8217;yi y\u0131kmak hedefiyle T\u00fcrkiye&#8217;yi kamplar\u0131nda e\u011fitti\u011fi ter\u00f6ristlerin \u00e7o\u011fu i\u00e7in koridor te\u015fkil etti\u011fine i\u015faret etti.<\/p>\n<p>Anzur, parlamanterlerin \u00fclkeleri halklar\u0131n\u0131n istek ve hayallerinin ger\u00e7ekli\u011fini temsil etmeleri gerekti\u011fini ve d\u00fcnya\u00a0 zenginliklerinin \u00e7o\u011funa egemen olan finans ve politik g\u00fc\u00e7lerin esiri olmama zorunlulu\u011funu vurgulad\u0131.<\/p>\n<p>Anzur, parlamentolar\u0131n uluslararas\u0131 d\u00fczeni korumak,, tehdit alt\u0131ndaki halklar\u0131n \u015fimdiki zaman ve geleceklerini tehdit eden hakim g\u00fc\u00e7lerden kurtarmak i\u00e7in al\u0131nan icraatlar hakk\u0131nda ne yapt\u0131klar\u0131 sorusunu dile getirerek, Parlamento \u00f6rg\u00fctlerinin uluslararas\u0131 \u00f6rg\u00fctlerin \u015feffafl\u0131\u011f\u0131n\u0131 etkilemedeki rol\u00fc, \u00e7at\u0131\u015fmalar\u0131n nedenlerini belirlemek ve ele almak, uluslararas\u0131 ve b\u00f6lgesel parlamenter i\u015fbirli\u011fini ve siyasi diyalogu te\u015fvik etmek ve daha iyi bir uluslararas\u0131 hukuk d\u00fczeni sa\u011flamadaki rollerine i\u015faret etti.<\/p>\n<p>\u00c7eviri: S.\u015eahut<\/p>\n","protected":false},"excerpt":{"rendered":"<p>BELGRAD \u2013 Halk Meclisi Ba\u015fkan Yard\u0131mc\u0131s\u0131 Necdet Anzur, d\u00fcnyan\u0131n bug\u00fcn en \u00f6nemlisi ulusal egemenli\u011fe sayg\u0131 gmsterilmesinin oldu\u011fu Uluslararas\u0131 kanun ve kaideleriyle temel ilkelerine y\u00f6nelik tekrarlana gelen ihlaller neticesinde &#8220;tehlikeli&#8221; bir yol kav\u015fa\u011f\u0131nda oldu\u011funu s\u00f6yledi. S\u0131rbistan&#8217;da d\u00fczenlenen uluslararas\u0131 parlamentolar birli\u011fi genel kurulu 141. d\u00f6nem toplant\u0131s\u0131na kat\u0131lanlar\u0131n \u00f6n\u00fcnde yapt\u0131\u011f\u0131 konu\u015fmada, Suriye&#8217;de cereyan edenlerin, en sonuncusu T\u00fcrk sald\u0131rganl\u0131\u011f\u0131 &hellip;<\/p>\n","protected":false},"author":1,"featured_media":193161,"comment_status":"closed","ping_status":"closed","sticky":false,"template":"","format":"standard","meta":{"footnotes":""},"categories":[458,459,17988],"tags":[],"class_list":["post-193160","post","type-post","status-publish","format-standard","has-post-thumbnail","","category-dunya1","category-haberler-arap-uluslararasi-politika","category-son-haberler"],"_links":{"self":[{"href":"https:\/\/archive.sana.sy\/tr\/index.php?rest_route=\/wp\/v2\/posts\/193160","targetHints":{"allow":["GET"]}}],"collection":[{"href":"https:\/\/archive.sana.sy\/tr\/index.php?rest_route=\/wp\/v2\/posts"}],"about":[{"href":"https:\/\/archive.sana.sy\/tr\/index.php?rest_route=\/wp\/v2\/types\/post"}],"author":[{"embeddable":true,"href":"https:\/\/archive.sana.sy\/tr\/index.php?rest_route=\/wp\/v2\/users\/1"}],"replies":[{"embeddable":true,"href":"https:\/\/archive.sana.sy\/tr\/index.php?rest_route=%2Fwp%2Fv2%2Fcomments&post=193160"}],"version-history":[{"count":0,"href":"https:\/\/archive.sana.sy\/tr\/index.php?rest_route=\/wp\/v2\/posts\/193160\/revisions"}],"wp:featuredmedia":[{"embeddable":true,"href":"https:\/\/archive.sana.sy\/tr\/index.php?rest_route=\/wp\/v2\/media\/193161"}],"wp:attachment":[{"href":"https:\/\/archive.sana.sy\/tr\/index.php?rest_route=%2Fwp%2Fv2%2Fmedia&parent=193160"}],"wp:term":[{"taxonomy":"category","embeddable":true,"href":"https:\/\/archive.sana.sy\/tr\/index.php?rest_route=%2Fwp%2Fv2%2Fcategories&post=193160"},{"taxonomy":"post_tag","embeddable":true,"href":"https:\/\/archive.sana.sy\/tr\/index.php?rest_route=%2Fwp%2Fv2%2Ftags&post=193160"}],"curies":[{"name":"wp","href":"https:\/\/api.w.org\/{rel}","templated":true}]}}