{"id":193182,"date":"2019-10-16T12:35:23","date_gmt":"2019-10-16T09:35:23","guid":{"rendered":"http:\/\/www.sana.sy\/tr\/?p=193182"},"modified":"2019-10-17T15:32:28","modified_gmt":"2019-10-17T12:32:28","slug":"kanada-ve-cek-cumhuriyeti-suriye-topraklarina-turk-saldirganligini-kinayarak-bolge-guven-ve-istikrarini-tehdit-ediyor","status":"publish","type":"post","link":"https:\/\/archive.sana.sy\/tr\/?p=193182","title":{"rendered":"Kanada ve \u00c7ek Cumhuriyeti Suriye Topraklar\u0131na T\u00fcrk Sald\u0131rganl\u0131\u011f\u0131n\u0131 K\u0131nayarak: B\u00f6lge G\u00fcven ve \u0130stikrar\u0131n\u0131 Tehdit Ediyor"},"content":{"rendered":"<p>BA\u015eKENTLER &#8211; Kanada, T\u00fcrkiye&#8217;nin Suriye topraklar\u0131na y\u00f6nelik sald\u0131r\u0131s\u0131n\u0131 k\u0131nayarak, bu eylemin b\u00f6lgedeki g\u00fcvenlik ve istikrar\u0131 tehdit etti\u011fini belirtti.<\/p>\n<p>Frans Press Kanada D\u0131\u015fi\u015fleri Bakanl\u0131\u011f\u0131&#8217;ndan yap\u0131lan a\u00e7\u0131klamadan naklen, &#8220;Kanada, T\u00fcrkiye&#8217;nin Suriye\u2019ye yapt\u0131\u011f\u0131 askeri sald\u0131r\u0131y\u0131 \u015fiddetle k\u0131n\u0131yor ve bu tek tarafl\u0131 eylemin hali haz\u0131rda k\u0131r\u0131lgan bir b\u00f6lgeyi istikrars\u0131zla\u015ft\u0131rmakla tehdit etti\u011fini ve insani durumu daha da a\u011f\u0131rla\u015ft\u0131rd\u0131\u011f\u0131n\u0131 var say\u0131yor&#8221; dedi.<\/p>\n<p>Kanada h\u00fck\u00fcmeti ayr\u0131ca, T\u00fcrkiye\u2019nin Suriye\u2019ye y\u00f6nelik sald\u0131rganl\u0131\u011f\u0131na cevaben, \u00f6zellikle askeri te\u00e7hizatla ilgili olanlar olmak \u00fczere, T\u00fcrkiye\u2019nin yeni ihracat izinlerinin verilmesini ask\u0131ya ald\u0131\u011f\u0131n\u0131 a\u00e7\u0131klad\u0131.<\/p>\n<p>Ralar\u0131nda \u0130spanya, \u0130sve\u00e7, Fransa, Almanya, Hollanda ve \u00c7ek Cumhuriyeti de dahil olmak \u00fczere baz\u0131 Bat\u0131 \u00fclkeler, sald\u0131rganl\u0131\u011f\u0131 nedeniyle T\u00fcrk rejimine silah ve askeri te\u00e7hizat ihracat\u0131n\u0131 dondurmaya karar vermi\u015f, \u0130ngiltere de yeni silah ihracat lisanslar\u0131 konusunda ask\u0131ya ald\u0131\u011f\u0131n\u0131 ilan etmi\u015ftir.<\/p>\n<p>Kendi y\u00f6n\u00fcnden \u00c7ek Temsilciler Konseyi, T\u00fcrk sald\u0131rganl\u0131\u011f\u0131n\u0131 k\u0131nayarak, Ba\u015fbakan Andrei Babi\u015f&#8217;i T\u00fcrk rejimini bu sald\u0131rganl\u0131\u011f\u0131 durdurmaya zorlayan ekonomik ve politik icraatlar almas\u0131 i\u00e7in Avrupa Birli\u011fi&#8217;ni g\u00f6reve \u00e7a\u011f\u0131rd\u0131.<br \/>\nD\u00fcn geceki toplant\u0131ya kat\u0131lan 147 milletvekilinin de ald\u0131\u011f\u0131 bir kararda konsey, bu sald\u0131rganl\u0131\u011f\u0131n daha fazla ac\u0131 \u00e7ekmesine neden olan Suriye halk\u0131yla dayan\u0131\u015fmas\u0131n\u0131 dile getirdi ve \u00c7ek Cumhuriyeti&#8217;nin T\u00fcrk rejimine silah ihracat\u0131n\u0131 durdurmas\u0131na s\u0131cak bakt\u0131.<\/p>\n<p>Kendi y\u00f6n\u00fcnden Cumhurba\u015fkan\u0131 Yard\u0131mc\u0131s\u0131 Vojtech Philippe, T\u00fcrkiye rejiminin uluslararas\u0131 insanc\u0131l hukukun ihlali ve NATO\u2019nun tam bir ba\u015far\u0131s\u0131zl\u0131\u011f\u0131 oldu\u011funa dair hi\u00e7bir \u015f\u00fcphe olmad\u0131\u011f\u0131n\u0131 s\u00f6yledi.<\/p>\n<p>\u00c7ek K\u00fclt\u00fcr Bakan\u0131 Lubomir Zawralik ise, T\u00fcrk rejiminin uluslararas\u0131 hukuku ve NATO\u2019nun temel antla\u015fmas\u0131n\u0131n ilk maddesini ihlal etti\u011fini, NATO\u2019nun t\u00fcm farkl\u0131l\u0131klar\u0131n\u0131 bar\u0131\u015f\u00e7\u0131l bir \u015fekilde \u00e7\u00f6zmesi gerekti\u011fini, Suriye\u2019de yapt\u0131klar\u0131n\u0131n gayri me\u015fru oldu\u011funu ve NATO genel sekreterinin sakin olmaya \u00e7a\u011f\u0131rd\u0131\u011f\u0131 tepkisini yeterli olmad\u0131\u011f\u0131n\u0131 belirtti.<\/p>\n<p>\u00c7ek televizyonuna verdi\u011fi r\u00f6portajda Zaoralek, T\u00fcrkiye&#8217;ye silah ihracat\u0131na ambargonun yeterli olmad\u0131\u011f\u0131n\u0131 ve AB&#8217;nin sa\u011flam bir duru\u015f sergilemesi ile kendi d\u0131\u015f ve g\u00fcvenlik politikas\u0131na sahip olmas\u0131 zaman\u0131n\u0131n geldi\u011fini s\u00f6yledi.<\/p>\n<p>\u00d6te yandan Top 09 Partisi, T\u00fcrk askerlerinin Suriye topraklar\u0131ndan \u00e7ekilmesine y\u00f6nelik \u00e7a\u011fr\u0131larla yetinmenin yeterli olmad\u0131\u011f\u0131na inanc\u0131n\u0131 dile getirerek T\u00fcrk sald\u0131rganl\u0131\u011f\u0131n\u0131 k\u0131nad\u0131.<\/p>\n<p>Parti beyan\u0131nda, \u00c7ek h\u00fck\u00fcmetinden, Avrupa Birli\u011fi kanal\u0131yla, T\u00fcrk rejiminin yapt\u0131klar\u0131n\u0131 derhal durdurmas\u0131n\u0131 net bir \u015fekilde tutum almaya ve bunun uygulanmas\u0131na y\u00f6nelik bask\u0131 i\u00e7in AB&#8217;nin b\u00fct\u00fcn siyasi ve ekonomik g\u00fc\u00e7leri kullanmaya \u00e7a\u011f\u0131rd\u0131.<\/p>\n<p>Bu arada, geni\u015f \u00e7apl\u0131 parlamento web sitesi taraf\u0131ndan yap\u0131lan son ankette, site okurlar\u0131n\u0131n y\u00fczde 92&#8217;sinin T\u00fcrkiye&#8217;nin NATO\u2019dan kovulmas\u0131 gerekti\u011fine inand\u0131klar\u0131 g\u00f6r\u00fcl\u00fcyor.<\/p>\n<p>\u00c7eviri: S.\u015eahut<\/p>\n","protected":false},"excerpt":{"rendered":"<p>BA\u015eKENTLER &#8211; Kanada, T\u00fcrkiye&#8217;nin Suriye topraklar\u0131na y\u00f6nelik sald\u0131r\u0131s\u0131n\u0131 k\u0131nayarak, bu eylemin b\u00f6lgedeki g\u00fcvenlik ve istikrar\u0131 tehdit etti\u011fini belirtti. Frans Press Kanada D\u0131\u015fi\u015fleri Bakanl\u0131\u011f\u0131&#8217;ndan yap\u0131lan a\u00e7\u0131klamadan naklen, &#8220;Kanada, T\u00fcrkiye&#8217;nin Suriye\u2019ye yapt\u0131\u011f\u0131 askeri sald\u0131r\u0131y\u0131 \u015fiddetle k\u0131n\u0131yor ve bu tek tarafl\u0131 eylemin hali haz\u0131rda k\u0131r\u0131lgan bir b\u00f6lgeyi istikrars\u0131zla\u015ft\u0131rmakla tehdit etti\u011fini ve insani durumu daha da a\u011f\u0131rla\u015ft\u0131rd\u0131\u011f\u0131n\u0131 var say\u0131yor&#8221; &hellip;<\/p>\n","protected":false},"author":1,"featured_media":193183,"comment_status":"closed","ping_status":"closed","sticky":false,"template":"","format":"standard","meta":{"footnotes":""},"categories":[458,459,17988],"tags":[],"class_list":["post-193182","post","type-post","status-publish","format-standard","has-post-thumbnail","","category-dunya1","category-haberler-arap-uluslararasi-politika","category-son-haberler"],"_links":{"self":[{"href":"https:\/\/archive.sana.sy\/tr\/index.php?rest_route=\/wp\/v2\/posts\/193182","targetHints":{"allow":["GET"]}}],"collection":[{"href":"https:\/\/archive.sana.sy\/tr\/index.php?rest_route=\/wp\/v2\/posts"}],"about":[{"href":"https:\/\/archive.sana.sy\/tr\/index.php?rest_route=\/wp\/v2\/types\/post"}],"author":[{"embeddable":true,"href":"https:\/\/archive.sana.sy\/tr\/index.php?rest_route=\/wp\/v2\/users\/1"}],"replies":[{"embeddable":true,"href":"https:\/\/archive.sana.sy\/tr\/index.php?rest_route=%2Fwp%2Fv2%2Fcomments&post=193182"}],"version-history":[{"count":0,"href":"https:\/\/archive.sana.sy\/tr\/index.php?rest_route=\/wp\/v2\/posts\/193182\/revisions"}],"wp:featuredmedia":[{"embeddable":true,"href":"https:\/\/archive.sana.sy\/tr\/index.php?rest_route=\/wp\/v2\/media\/193183"}],"wp:attachment":[{"href":"https:\/\/archive.sana.sy\/tr\/index.php?rest_route=%2Fwp%2Fv2%2Fmedia&parent=193182"}],"wp:term":[{"taxonomy":"category","embeddable":true,"href":"https:\/\/archive.sana.sy\/tr\/index.php?rest_route=%2Fwp%2Fv2%2Fcategories&post=193182"},{"taxonomy":"post_tag","embeddable":true,"href":"https:\/\/archive.sana.sy\/tr\/index.php?rest_route=%2Fwp%2Fv2%2Ftags&post=193182"}],"curies":[{"name":"wp","href":"https:\/\/api.w.org\/{rel}","templated":true}]}}