{"id":193185,"date":"2019-10-16T12:25:55","date_gmt":"2019-10-16T09:25:55","guid":{"rendered":"http:\/\/www.sana.sy\/tr\/?p=193185"},"modified":"2019-10-17T15:32:22","modified_gmt":"2019-10-17T12:32:22","slug":"gabbard-abd-idaresi-suriye-hukumetine-karsi-savasta-el-kaideyi-kullandi","status":"publish","type":"post","link":"https:\/\/archive.sana.sy\/tr\/?p=193185","title":{"rendered":"Gabbard: ABD \u0130daresi Suriye H\u00fck\u00fcmetine Kar\u015f\u0131 Sava\u015fta el Kaide&#8217;yi Kulland\u0131"},"content":{"rendered":"<p>WASHINGTON \u2013 ABD Demokrat cumhurba\u015fkan\u0131 aday\u0131 Tulsi Gabbard Suriye h\u00fck\u00fcmetine kar\u015f\u0131 sava\u015fta ABD idaresinin I\u015e\u0130D ter\u00f6r \u00f6rg\u00fct\u00fcn\u00fcn kulland\u0131\u011f\u0131n\u0131 vurgulad\u0131.<\/p>\n<p>WASHINGTON \u2013 Demokrat ABD Cumhurba\u015fkan\u0131 aday\u0131 Tulsi Gabbard, Suriye h\u00fck\u00fcmetine kar\u015f\u0131 sava\u015fta ABD idaresinin I\u015e\u0130D ter\u00f6r \u00f6rg\u00fct\u00fcn\u00fc kulland\u0131\u011f\u0131n\u0131 vurgulad\u0131.<\/p>\n<p>Amerikal\u0131 Fox News haber ajans\u0131n\u0131n aktard\u0131\u011f\u0131 ABD Demokrat cumhurba\u015fkanl\u0131\u011f\u0131 adaylar\u0131 aras\u0131nda yap\u0131lan bir tart\u0131\u015fmada Gabbard; el Kaide gibi ter\u00f6ristleri, Suriye h\u00fck\u00fcmetini de\u011fi\u015ftirmek i\u00e7in d\u00fczenlenen sava\u015fta kara kuvvetleri olarak ABD&#8217;nin kullan\u0131lmas\u0131n\u0131 durduracaklar\u0131n\u0131 garanti etti\u011fini dile getirdi.<\/p>\n<p>Gabbard; kendisini Rusya\u2019ya tabi oldu\u011funu ve Suriye H\u00fck\u00fcmetini koruyan olarak tan\u0131mlayan ABD\u2019li New York Times gazetesinin yay\u0131nlad\u0131\u011f\u0131 raporunu \u201ci\u011fren\u00e7\u201d olarak niteledi.<\/p>\n<p>Gabbard; Suriye halk\u0131n\u0131 a\u011f\u0131r insani durumlar ya\u015famas\u0131na neden olan zalim yapt\u0131r\u0131mlar\u0131n kald\u0131rmas\u0131 ve Yemen\u2019e kar\u015f\u0131 Suudi rejiminin s\u00fcrd\u00fcrd\u00fc\u011f\u00fc sava\u015fa son verece\u011fi s\u00f6z\u00fcn\u00fc verdi.<\/p>\n<p>\u00c7eviri: P.M.<\/p>\n","protected":false},"excerpt":{"rendered":"<p>WASHINGTON \u2013 ABD Demokrat cumhurba\u015fkan\u0131 aday\u0131 Tulsi Gabbard Suriye h\u00fck\u00fcmetine kar\u015f\u0131 sava\u015fta ABD idaresinin I\u015e\u0130D ter\u00f6r \u00f6rg\u00fct\u00fcn\u00fcn kulland\u0131\u011f\u0131n\u0131 vurgulad\u0131. WASHINGTON \u2013 Demokrat ABD Cumhurba\u015fkan\u0131 aday\u0131 Tulsi Gabbard, Suriye h\u00fck\u00fcmetine kar\u015f\u0131 sava\u015fta ABD idaresinin I\u015e\u0130D ter\u00f6r \u00f6rg\u00fct\u00fcn\u00fc kulland\u0131\u011f\u0131n\u0131 vurgulad\u0131. Amerikal\u0131 Fox News haber ajans\u0131n\u0131n aktard\u0131\u011f\u0131 ABD Demokrat cumhurba\u015fkanl\u0131\u011f\u0131 adaylar\u0131 aras\u0131nda yap\u0131lan bir tart\u0131\u015fmada Gabbard; el Kaide &hellip;<\/p>\n","protected":false},"author":1,"featured_media":193186,"comment_status":"closed","ping_status":"closed","sticky":false,"template":"","format":"standard","meta":{"footnotes":""},"categories":[458,459,17988],"tags":[],"class_list":["post-193185","post","type-post","status-publish","format-standard","has-post-thumbnail","","category-dunya1","category-haberler-arap-uluslararasi-politika","category-son-haberler"],"_links":{"self":[{"href":"https:\/\/archive.sana.sy\/tr\/index.php?rest_route=\/wp\/v2\/posts\/193185","targetHints":{"allow":["GET"]}}],"collection":[{"href":"https:\/\/archive.sana.sy\/tr\/index.php?rest_route=\/wp\/v2\/posts"}],"about":[{"href":"https:\/\/archive.sana.sy\/tr\/index.php?rest_route=\/wp\/v2\/types\/post"}],"author":[{"embeddable":true,"href":"https:\/\/archive.sana.sy\/tr\/index.php?rest_route=\/wp\/v2\/users\/1"}],"replies":[{"embeddable":true,"href":"https:\/\/archive.sana.sy\/tr\/index.php?rest_route=%2Fwp%2Fv2%2Fcomments&post=193185"}],"version-history":[{"count":0,"href":"https:\/\/archive.sana.sy\/tr\/index.php?rest_route=\/wp\/v2\/posts\/193185\/revisions"}],"wp:featuredmedia":[{"embeddable":true,"href":"https:\/\/archive.sana.sy\/tr\/index.php?rest_route=\/wp\/v2\/media\/193186"}],"wp:attachment":[{"href":"https:\/\/archive.sana.sy\/tr\/index.php?rest_route=%2Fwp%2Fv2%2Fmedia&parent=193185"}],"wp:term":[{"taxonomy":"category","embeddable":true,"href":"https:\/\/archive.sana.sy\/tr\/index.php?rest_route=%2Fwp%2Fv2%2Fcategories&post=193185"},{"taxonomy":"post_tag","embeddable":true,"href":"https:\/\/archive.sana.sy\/tr\/index.php?rest_route=%2Fwp%2Fv2%2Ftags&post=193185"}],"curies":[{"name":"wp","href":"https:\/\/api.w.org\/{rel}","templated":true}]}}