{"id":193204,"date":"2019-10-16T12:05:23","date_gmt":"2019-10-16T09:05:23","guid":{"rendered":"http:\/\/www.sana.sy\/tr\/?p=193204"},"modified":"2019-10-17T15:32:13","modified_gmt":"2019-10-17T12:32:13","slug":"suriye-takiminin-oyuncusu-omar-el-soma-asya-2023-ve-dunya-kupasi-2022-icin-elemelerinde-en-iyi-golcusunu-kazandi","status":"publish","type":"post","link":"https:\/\/archive.sana.sy\/tr\/?p=193204","title":{"rendered":"Omar el Soma Asya 2023 ve D\u00fcnya Kupas\u0131 2022 \u0130\u00e7in Elemelerinde En \u0130yi Golc\u00fcs\u00fcn\u00fc Kazand\u0131"},"content":{"rendered":"<p>ABU DAB\u0130 \u2013 Suriye Futbol tak\u0131m\u0131 oyucusu Omar el Soma Asya Kupas\u0131 2023 ve D\u00fcnya Kupas\u0131 \u00a02022 i\u00e7in elemelerinde 7 gol atarak elemelerinde en iyi golc\u00fcs\u00fcn\u00fc kazand\u0131.<\/p>\n<p>Omar Soma Suriye tak\u0131m\u0131n\u0131n Filipin ile oynad\u0131\u011f\u0131 ma\u00e7ta 2 gol, Maldiv ile ma\u00e7ta 2 gol ve son olarak Abu Dabinin Maktum Bin Ra\u015fid el Maktum stad\u0131nda elemelerin 1. grubunun 4. devre Suriye ve \u011euam ile ma\u00e7ta 3 gol atarak Aysa 2023 ev D\u00fcnya 2022 Kupas\u0131 i\u00e7in elemelerinde toplam 7 gol atm\u0131\u015f oldu.<\/p>\n<p>\u00c7eviri: P.M.<\/p>\n<p>&nbsp;<\/p>\n","protected":false},"excerpt":{"rendered":"<p>ABU DAB\u0130 \u2013 Suriye Futbol tak\u0131m\u0131 oyucusu Omar el Soma Asya Kupas\u0131 2023 ve D\u00fcnya Kupas\u0131 \u00a02022 i\u00e7in elemelerinde 7 gol atarak elemelerinde en iyi golc\u00fcs\u00fcn\u00fc kazand\u0131. Omar Soma Suriye tak\u0131m\u0131n\u0131n Filipin ile oynad\u0131\u011f\u0131 ma\u00e7ta 2 gol, Maldiv ile ma\u00e7ta 2 gol ve son olarak Abu Dabinin Maktum Bin Ra\u015fid el Maktum stad\u0131nda elemelerin 1. &hellip;<\/p>\n","protected":false},"author":1,"featured_media":193205,"comment_status":"closed","ping_status":"closed","sticky":false,"template":"","format":"standard","meta":{"footnotes":""},"categories":[498,17988,496],"tags":[],"class_list":["post-193204","post","type-post","status-publish","format-standard","has-post-thumbnail","","category-dunya-turnuvalari","category-son-haberler","category-spor"],"_links":{"self":[{"href":"https:\/\/archive.sana.sy\/tr\/index.php?rest_route=\/wp\/v2\/posts\/193204","targetHints":{"allow":["GET"]}}],"collection":[{"href":"https:\/\/archive.sana.sy\/tr\/index.php?rest_route=\/wp\/v2\/posts"}],"about":[{"href":"https:\/\/archive.sana.sy\/tr\/index.php?rest_route=\/wp\/v2\/types\/post"}],"author":[{"embeddable":true,"href":"https:\/\/archive.sana.sy\/tr\/index.php?rest_route=\/wp\/v2\/users\/1"}],"replies":[{"embeddable":true,"href":"https:\/\/archive.sana.sy\/tr\/index.php?rest_route=%2Fwp%2Fv2%2Fcomments&post=193204"}],"version-history":[{"count":0,"href":"https:\/\/archive.sana.sy\/tr\/index.php?rest_route=\/wp\/v2\/posts\/193204\/revisions"}],"wp:featuredmedia":[{"embeddable":true,"href":"https:\/\/archive.sana.sy\/tr\/index.php?rest_route=\/wp\/v2\/media\/193205"}],"wp:attachment":[{"href":"https:\/\/archive.sana.sy\/tr\/index.php?rest_route=%2Fwp%2Fv2%2Fmedia&parent=193204"}],"wp:term":[{"taxonomy":"category","embeddable":true,"href":"https:\/\/archive.sana.sy\/tr\/index.php?rest_route=%2Fwp%2Fv2%2Fcategories&post=193204"},{"taxonomy":"post_tag","embeddable":true,"href":"https:\/\/archive.sana.sy\/tr\/index.php?rest_route=%2Fwp%2Fv2%2Ftags&post=193204"}],"curies":[{"name":"wp","href":"https:\/\/api.w.org\/{rel}","templated":true}]}}