{"id":193209,"date":"2019-10-16T12:15:23","date_gmt":"2019-10-16T09:15:23","guid":{"rendered":"http:\/\/www.sana.sy\/tr\/?p=193209"},"modified":"2019-10-17T15:32:19","modified_gmt":"2019-10-17T12:32:19","slug":"dera-il-antik-eserler-mudurlugu-tarihi-zeyn-el-abidin-sarayinin-onarim-calismalarini-baslatti","status":"publish","type":"post","link":"https:\/\/archive.sana.sy\/tr\/?p=193209","title":{"rendered":"Dera \u0130l Antik Eserler M\u00fcd\u00fcrl\u00fc\u011f\u00fc Tarihi Zeyn el Abidin Saray\u0131n\u0131n Onar\u0131m \u00c7al\u0131\u015fmalar\u0131n\u0131 Ba\u015flatt\u0131"},"content":{"rendered":"<p>DERA \u2013 Dera \u0130l Antik Eserler M\u00fcd\u00fcrl\u00fc\u011f\u00fc Dera k\u0131rsal\u0131nda yer alan Tarihi Zeyn el Abidin Saray\u0131n\u0131n onar\u0131m \u00e7al\u0131\u015fmalar\u0131n\u0131 ba\u015flatt\u0131.<\/p>\n<p><a href=\"http:\/\/www.sana.sy\/tr\/wp-content\/uploads\/2019\/10\/20-34.jpg\"><img loading=\"lazy\" decoding=\"async\" class=\"alignright size-medium wp-image-193212\" src=\"http:\/\/www.sana.sy\/tr\/wp-content\/uploads\/2019\/10\/20-34-300x200.jpg\" alt=\"\" width=\"300\" height=\"200\" srcset=\"https:\/\/archive.sana.sy\/tr\/wp-content\/uploads\/2019\/10\/20-34-300x200.jpg 300w, https:\/\/archive.sana.sy\/tr\/wp-content\/uploads\/2019\/10\/20-34-150x100.jpg 150w, https:\/\/archive.sana.sy\/tr\/wp-content\/uploads\/2019\/10\/20-34.jpg 660w\" sizes=\"auto, (max-width: 300px) 100vw, 300px\" \/><\/a>Dera Antik Eserler M\u00fcd\u00fcr\u00fc Muhammed Heyr Nasrallah bug\u00fcn SANA muhabirine yapt\u0131\u011f\u0131 a\u00e7\u0131klamada; onar\u0131m \u00e7al\u0131\u015fmalar\u0131n\u0131n \u00f6zel sekt\u00f6rl\u00fc m\u00fcteahhit taraf\u0131ndan yap\u0131laca\u011f\u0131na i\u015faret ederken bu \u00e7er\u00e7evesinde denetim komitesinin te\u015fkil edildi\u011fini belirtti.<\/p>\n<p>Nasrallah; Saray\u0131n, as\u0131l haliyle kalan k\u0131rsal yap\u0131lar\u0131n \u00f6nemli \u00f6rneklerinden biri oldu\u011funu dile getirirken binan\u0131n b\u00fcy\u00fckl\u00fck, dekorasyon, y\u00fckseklik ve di\u011ferleri bak\u0131m\u0131ndan saraydan farkl\u0131 \u00f6zelliklere sahip \u00e7ok say\u0131da eski bina ile \u00e7evrili oldu\u011funa dikkat \u00e7ekti.<\/p>\n<p>Zeyn el Abidin saray\u0131, Suriye&#8217;nin g\u00fcneyindeki Horan b\u00f6lgesinin eski Ceydur B\u00f6lgesinde ve Daraa Kentinin g\u00fcneyinde 65km uzakl\u0131kta yer almaktad\u0131r. Saray\u0131n 10 milyon liral\u0131k de\u011ferindeki onar\u0131m \u00e7al\u0131\u015fmalar\u0131 200 g\u00fcn s\u00fcrecek.<\/p>\n<p>\u00c7eviri: P.M.<\/p>\n","protected":false},"excerpt":{"rendered":"<p>DERA \u2013 Dera \u0130l Antik Eserler M\u00fcd\u00fcrl\u00fc\u011f\u00fc Dera k\u0131rsal\u0131nda yer alan Tarihi Zeyn el Abidin Saray\u0131n\u0131n onar\u0131m \u00e7al\u0131\u015fmalar\u0131n\u0131 ba\u015flatt\u0131. Dera Antik Eserler M\u00fcd\u00fcr\u00fc Muhammed Heyr Nasrallah bug\u00fcn SANA muhabirine yapt\u0131\u011f\u0131 a\u00e7\u0131klamada; onar\u0131m \u00e7al\u0131\u015fmalar\u0131n\u0131n \u00f6zel sekt\u00f6rl\u00fc m\u00fcteahhit taraf\u0131ndan yap\u0131laca\u011f\u0131na i\u015faret ederken bu \u00e7er\u00e7evesinde denetim komitesinin te\u015fkil edildi\u011fini belirtti. Nasrallah; Saray\u0131n, as\u0131l haliyle kalan k\u0131rsal yap\u0131lar\u0131n \u00f6nemli &hellip;<\/p>\n","protected":false},"author":1,"featured_media":193210,"comment_status":"closed","ping_status":"closed","sticky":false,"template":"","format":"standard","meta":{"footnotes":""},"categories":[479,516,511,17988,478],"tags":[],"class_list":["post-193209","post","type-post","status-publish","format-standard","has-post-thumbnail","","category-haberler-yerel","category-haberler-kultur-ve-sanat","category-kultur-ve-sanat","category-son-haberler","category-yerel"],"_links":{"self":[{"href":"https:\/\/archive.sana.sy\/tr\/index.php?rest_route=\/wp\/v2\/posts\/193209","targetHints":{"allow":["GET"]}}],"collection":[{"href":"https:\/\/archive.sana.sy\/tr\/index.php?rest_route=\/wp\/v2\/posts"}],"about":[{"href":"https:\/\/archive.sana.sy\/tr\/index.php?rest_route=\/wp\/v2\/types\/post"}],"author":[{"embeddable":true,"href":"https:\/\/archive.sana.sy\/tr\/index.php?rest_route=\/wp\/v2\/users\/1"}],"replies":[{"embeddable":true,"href":"https:\/\/archive.sana.sy\/tr\/index.php?rest_route=%2Fwp%2Fv2%2Fcomments&post=193209"}],"version-history":[{"count":0,"href":"https:\/\/archive.sana.sy\/tr\/index.php?rest_route=\/wp\/v2\/posts\/193209\/revisions"}],"wp:featuredmedia":[{"embeddable":true,"href":"https:\/\/archive.sana.sy\/tr\/index.php?rest_route=\/wp\/v2\/media\/193210"}],"wp:attachment":[{"href":"https:\/\/archive.sana.sy\/tr\/index.php?rest_route=%2Fwp%2Fv2%2Fmedia&parent=193209"}],"wp:term":[{"taxonomy":"category","embeddable":true,"href":"https:\/\/archive.sana.sy\/tr\/index.php?rest_route=%2Fwp%2Fv2%2Fcategories&post=193209"},{"taxonomy":"post_tag","embeddable":true,"href":"https:\/\/archive.sana.sy\/tr\/index.php?rest_route=%2Fwp%2Fv2%2Ftags&post=193209"}],"curies":[{"name":"wp","href":"https:\/\/api.w.org\/{rel}","templated":true}]}}