{"id":193249,"date":"2019-10-17T14:38:41","date_gmt":"2019-10-17T11:38:41","guid":{"rendered":"http:\/\/www.sana.sy\/tr\/?p=193249"},"modified":"2019-10-18T14:17:20","modified_gmt":"2019-10-18T11:17:20","slug":"turk-isgal-kuvvetleri-rasul-ayn-kenti-semtlerine-havadan-ve-karadan-saldiri-duzenliyor","status":"publish","type":"post","link":"https:\/\/archive.sana.sy\/tr\/?p=193249","title":{"rendered":"T\u00fcrk \u0130\u015fgal Kuvvetleri Rasul Ayn Kenti Semtlerine Havadan ve Karadan Sald\u0131r\u0131 D\u00fczenliyor"},"content":{"rendered":"<p>HASEKE \u2013 SANA muhabiri, T\u00fcrk i\u015fgal kuvvetleriyle kiral\u0131klar\u0131n\u0131n Haseke kuzey k\u0131rsal\u0131ndaki Rasul Ayn kentini ablukaya ald\u0131klar\u0131n\u0131, sava\u015f u\u00e7aklar\u0131 ve tank ate\u015fiyle semtlerini bombard\u0131man ate\u015fine tuttuklar\u0131n\u0131 ifade etti.<\/p>\n<p>Muhabir, sald\u0131rgan T\u00fcrk kuvvetlerinin Rasul Yan k\u0131rsal\u0131 Sosa, Huvey\u015f ve el Esediye Semtlerine sava\u015f u\u00e7aklar\u0131 ve tanklarla yo\u011fun ate\u015fe tuttuklar\u0131n\u0131 belirtti.<\/p>\n<p>Bu arada SANA muhabiri; T\u00fcrk sald\u0131r\u0131lar\u0131n\u0131n tank toplar\u0131yla Rasul Ayn B\u00f6lgesindeki Derdare, Cehfe, Helive, Hamid ve Luzi k\u00f6ylerini bombalad\u0131\u011f\u0131n\u0131 belirtti.<\/p>\n<p>Muhabir; T\u00fcrk sald\u0131rganl\u0131\u011f\u0131n\u0131n Kam\u0131\u015fl\u0131 Kentindeki Aleya Semtini bombalad\u0131\u011f\u0131n\u0131 belirtti.<\/p>\n<p><span style=\"color: #0000ff;\">Devam\u0131 gelecek&#8230;<\/span><\/p>\n","protected":false},"excerpt":{"rendered":"<p>HASEKE \u2013 SANA muhabiri, T\u00fcrk i\u015fgal kuvvetleriyle kiral\u0131klar\u0131n\u0131n Haseke kuzey k\u0131rsal\u0131ndaki Rasul Ayn kentini ablukaya ald\u0131klar\u0131n\u0131, sava\u015f u\u00e7aklar\u0131 ve tank ate\u015fiyle semtlerini bombard\u0131man ate\u015fine tuttuklar\u0131n\u0131 ifade etti. Muhabir, sald\u0131rgan T\u00fcrk kuvvetlerinin Rasul Yan k\u0131rsal\u0131 Sosa, Huvey\u015f ve el Esediye Semtlerine sava\u015f u\u00e7aklar\u0131 ve tanklarla yo\u011fun ate\u015fe tuttuklar\u0131n\u0131 belirtti. Bu arada SANA muhabiri; T\u00fcrk sald\u0131r\u0131lar\u0131n\u0131n tank &hellip;<\/p>\n","protected":false},"author":1,"featured_media":193261,"comment_status":"closed","ping_status":"closed","sticky":false,"template":"","format":"standard","meta":{"footnotes":""},"categories":[479,575,17988,478],"tags":[],"class_list":["post-193249","post","type-post","status-publish","format-standard","has-post-thumbnail","","category-haberler-yerel","category-olaylar-ve-gercekler","category-son-haberler","category-yerel"],"_links":{"self":[{"href":"https:\/\/archive.sana.sy\/tr\/index.php?rest_route=\/wp\/v2\/posts\/193249","targetHints":{"allow":["GET"]}}],"collection":[{"href":"https:\/\/archive.sana.sy\/tr\/index.php?rest_route=\/wp\/v2\/posts"}],"about":[{"href":"https:\/\/archive.sana.sy\/tr\/index.php?rest_route=\/wp\/v2\/types\/post"}],"author":[{"embeddable":true,"href":"https:\/\/archive.sana.sy\/tr\/index.php?rest_route=\/wp\/v2\/users\/1"}],"replies":[{"embeddable":true,"href":"https:\/\/archive.sana.sy\/tr\/index.php?rest_route=%2Fwp%2Fv2%2Fcomments&post=193249"}],"version-history":[{"count":0,"href":"https:\/\/archive.sana.sy\/tr\/index.php?rest_route=\/wp\/v2\/posts\/193249\/revisions"}],"wp:featuredmedia":[{"embeddable":true,"href":"https:\/\/archive.sana.sy\/tr\/index.php?rest_route=\/wp\/v2\/media\/193261"}],"wp:attachment":[{"href":"https:\/\/archive.sana.sy\/tr\/index.php?rest_route=%2Fwp%2Fv2%2Fmedia&parent=193249"}],"wp:term":[{"taxonomy":"category","embeddable":true,"href":"https:\/\/archive.sana.sy\/tr\/index.php?rest_route=%2Fwp%2Fv2%2Fcategories&post=193249"},{"taxonomy":"post_tag","embeddable":true,"href":"https:\/\/archive.sana.sy\/tr\/index.php?rest_route=%2Fwp%2Fv2%2Ftags&post=193249"}],"curies":[{"name":"wp","href":"https:\/\/api.w.org\/{rel}","templated":true}]}}