{"id":193342,"date":"2019-10-18T14:28:10","date_gmt":"2019-10-18T11:28:10","guid":{"rendered":"http:\/\/www.sana.sy\/tr\/?p=193342"},"modified":"2019-10-19T14:12:12","modified_gmt":"2019-10-19T11:12:12","slug":"turk-saldirganliginin-bombardimani-sonucunda-rasul-ayn-kirsalinda-5-vatandas-sehit-ve-10-vatandas-yarali-dustu","status":"publish","type":"post","link":"https:\/\/archive.sana.sy\/tr\/?p=193342","title":{"rendered":"T\u00fcrk Sald\u0131rganl\u0131\u011f\u0131n\u0131n Bombard\u0131man\u0131 Sonucunda Rasul Ayn K\u0131rsal\u0131nda 5 Vatanda\u015f \u015eehit ve 20 Vatanda\u015f Yaral\u0131 D\u00fc\u015ft\u00fc"},"content":{"rendered":"<p>HASEKE \u2013 T\u00fcrk sald\u0131rganl\u0131\u011f\u0131n\u0131n Suriye topraklar\u0131na y\u00f6nelik devam etti\u011fi bombard\u0131manda bug\u00fcn Rasul Ayn k\u0131rsal\u0131nda yer alan Um Heyr K\u00f6y\u00fcnde 5 sivil vatanda\u015f \u015fehit ve 10 vatanda\u015f yaral\u0131 d\u00fc\u015ft\u00fc.<\/p>\n<p>SANA muhabiri; daha erken saatlerinde T\u00fcrk sald\u0131rganl\u0131\u011f\u0131n\u0131n ve kiral\u0131klar\u0131n\u0131n hafif ve orta silahlarla Lezka, \u0130bah, Merekiz, Bab Heyr ve Kabr \u015eeyh Huseyn K\u00f6yleri hedef ald\u0131klar\u0131 sonucunda ahalilerinin k\u00f6ylerini terk etme zorunda kald\u0131klar\u0131n\u0131 belirtti.<\/p>\n<p>Bu arada SANA muhabiri; T\u00fcrk sald\u0131rganl\u0131\u011f\u0131 u\u00e7aklar\u0131n\u0131n Rasul Ayn\u2019in do\u011fusunda yer alan Zerkan B\u00f6lgesine y\u00f6nelik bombard\u0131manda 8 vatanda\u015f\u0131n yaral\u0131 d\u00fc\u015ft\u00fcklerini belirtti.<\/p>\n<p>\u00c7eviri: P.M.<\/p>\n","protected":false},"excerpt":{"rendered":"<p>HASEKE \u2013 T\u00fcrk sald\u0131rganl\u0131\u011f\u0131n\u0131n Suriye topraklar\u0131na y\u00f6nelik devam etti\u011fi bombard\u0131manda bug\u00fcn Rasul Ayn k\u0131rsal\u0131nda yer alan Um Heyr K\u00f6y\u00fcnde 5 sivil vatanda\u015f \u015fehit ve 10 vatanda\u015f yaral\u0131 d\u00fc\u015ft\u00fc. SANA muhabiri; daha erken saatlerinde T\u00fcrk sald\u0131rganl\u0131\u011f\u0131n\u0131n ve kiral\u0131klar\u0131n\u0131n hafif ve orta silahlarla Lezka, \u0130bah, Merekiz, Bab Heyr ve Kabr \u015eeyh Huseyn K\u00f6yleri hedef ald\u0131klar\u0131 sonucunda ahalilerinin &hellip;<\/p>\n","protected":false},"author":1,"featured_media":193347,"comment_status":"closed","ping_status":"closed","sticky":false,"template":"","format":"standard","meta":{"footnotes":""},"categories":[479,575,17988,478],"tags":[],"class_list":["post-193342","post","type-post","status-publish","format-standard","has-post-thumbnail","","category-haberler-yerel","category-olaylar-ve-gercekler","category-son-haberler","category-yerel"],"_links":{"self":[{"href":"https:\/\/archive.sana.sy\/tr\/index.php?rest_route=\/wp\/v2\/posts\/193342","targetHints":{"allow":["GET"]}}],"collection":[{"href":"https:\/\/archive.sana.sy\/tr\/index.php?rest_route=\/wp\/v2\/posts"}],"about":[{"href":"https:\/\/archive.sana.sy\/tr\/index.php?rest_route=\/wp\/v2\/types\/post"}],"author":[{"embeddable":true,"href":"https:\/\/archive.sana.sy\/tr\/index.php?rest_route=\/wp\/v2\/users\/1"}],"replies":[{"embeddable":true,"href":"https:\/\/archive.sana.sy\/tr\/index.php?rest_route=%2Fwp%2Fv2%2Fcomments&post=193342"}],"version-history":[{"count":0,"href":"https:\/\/archive.sana.sy\/tr\/index.php?rest_route=\/wp\/v2\/posts\/193342\/revisions"}],"wp:featuredmedia":[{"embeddable":true,"href":"https:\/\/archive.sana.sy\/tr\/index.php?rest_route=\/wp\/v2\/media\/193347"}],"wp:attachment":[{"href":"https:\/\/archive.sana.sy\/tr\/index.php?rest_route=%2Fwp%2Fv2%2Fmedia&parent=193342"}],"wp:term":[{"taxonomy":"category","embeddable":true,"href":"https:\/\/archive.sana.sy\/tr\/index.php?rest_route=%2Fwp%2Fv2%2Fcategories&post=193342"},{"taxonomy":"post_tag","embeddable":true,"href":"https:\/\/archive.sana.sy\/tr\/index.php?rest_route=%2Fwp%2Fv2%2Ftags&post=193342"}],"curies":[{"name":"wp","href":"https:\/\/api.w.org\/{rel}","templated":true}]}}