{"id":193374,"date":"2019-10-18T16:54:06","date_gmt":"2019-10-18T13:54:06","guid":{"rendered":"http:\/\/www.sana.sy\/tr\/?p=193374"},"modified":"2019-10-19T14:10:46","modified_gmt":"2019-10-19T11:10:46","slug":"suriyedeki-son-gelismeler-ve-anayasa-tartisma-komitesinin-calismalari-masaya-yatirildi","status":"publish","type":"post","link":"https:\/\/archive.sana.sy\/tr\/?p=193374","title":{"rendered":"Suriye&#8217;deki Son Geli\u015fmeler ve Anayasa Tart\u0131\u015fma Komitesinin \u00c7al\u0131\u015fmalar\u0131 Masaya Yat\u0131r\u0131ld\u0131"},"content":{"rendered":"<p>\u015eAM \u2013 Cumhurba\u015fkan\u0131 Be\u015f\u015far el Esad bug\u00fcn Rusya Ba\u015fkan\u0131n\u0131n Suriye \u00f6zel temsilcisi Aleksander Lavrentiev, Rusya D\u0131\u015fi\u015fleri Bakan Yard\u0131mc\u0131s\u0131 Sergey Ver\u015finin ve beraberlerindeki heyeti kabul etti.<\/p>\n<p><a href=\"http:\/\/www.sana.sy\/tr\/wp-content\/uploads\/2019\/10\/1-264.jpg\"><img loading=\"lazy\" decoding=\"async\" class=\"alignright size-medium wp-image-193384\" src=\"http:\/\/www.sana.sy\/tr\/wp-content\/uploads\/2019\/10\/1-264-300x194.jpg\" alt=\"\" width=\"300\" height=\"194\" srcset=\"https:\/\/archive.sana.sy\/tr\/wp-content\/uploads\/2019\/10\/1-264-300x194.jpg 300w, https:\/\/archive.sana.sy\/tr\/wp-content\/uploads\/2019\/10\/1-264-150x97.jpg 150w, https:\/\/archive.sana.sy\/tr\/wp-content\/uploads\/2019\/10\/1-264.jpg 660w\" sizes=\"auto, (max-width: 300px) 100vw, 300px\" \/><\/a>G\u00f6r\u00fc\u015fmede, Suriye\u2019deki son geli\u015fmelere \u00f6zellikle Cezire B\u00f6lgesine y\u00f6nelik T\u00fcrk sald\u0131rganl\u0131\u011f\u0131na \u0131\u015f\u0131k tutarken Cumhurba\u015fkan\u0131 el Esad; \u015fimdiki ve gelecek a\u015famada \u00e7al\u0131\u015fmalar\u0131n T\u00fcrk sald\u0131rganl\u0131\u011f\u0131n\u0131n durdurulmas\u0131na, ABD\u2019li, T\u00fcrk g\u00fc\u00e7lerinin ve Suriye topraklar\u0131nda gayrime\u015fru \u015fekilde bulunan di\u011fer yabanc\u0131 g\u00fc\u00e7lerinin geri \u00e7ekilmesine y\u00f6nelik odaklanaca\u011f\u0131n\u0131 vurgulad\u0131. Bu ba\u011flamda; yabanc\u0131 g\u00fc\u00e7lerinin Suriye\u2019deki gayrime\u015fru varl\u0131\u011f\u0131n\u0131 uluslararas\u0131 kanunlara g\u00f6re i\u015fgalci g\u00fc\u00e7leri olduklar\u0131n\u0131 ve Suriye halk\u0131n\u0131n her t\u00fcrl\u00fc m\u00fcmk\u00fcn olan yolla onlara kar\u015f\u0131 koyma hakk\u0131na sahip oldu\u011funa vurgu yap\u0131ld\u0131.<\/p>\n<p><a href=\"http:\/\/www.sana.sy\/tr\/wp-content\/uploads\/2019\/10\/2-214.jpg\"><img loading=\"lazy\" decoding=\"async\" class=\"alignright size-medium wp-image-193385\" src=\"http:\/\/www.sana.sy\/tr\/wp-content\/uploads\/2019\/10\/2-214-300x214.jpg\" alt=\"\" width=\"300\" height=\"214\" srcset=\"https:\/\/archive.sana.sy\/tr\/wp-content\/uploads\/2019\/10\/2-214-300x214.jpg 300w, https:\/\/archive.sana.sy\/tr\/wp-content\/uploads\/2019\/10\/2-214-150x107.jpg 150w, https:\/\/archive.sana.sy\/tr\/wp-content\/uploads\/2019\/10\/2-214.jpg 660w\" sizes=\"auto, (max-width: 300px) 100vw, 300px\" \/><\/a>Rus heyeti ise; Rusya&#8217;n\u0131n Suriye toprak b\u00fct\u00fcnl\u00fc\u011f\u00fcn\u00fc ve egemenli\u011fini destekledi\u011fini vurgularken bu ba\u011flamda Suriye\u2019nin egemenli\u011fine ihlal olarak veya sava\u015f\u0131n son vermeyi engelleyen herhangi bir eylemin reddetti\u011fini belirtti. Rus heyeti; Suriye\u2019deki sava\u015f\u0131na son verme s\u00fcrecinde, kalan ter\u00f6r gruplar\u0131n\u0131n yok edilmesi ve Suriye\u2019nin s\u0131n\u0131r b\u00f6lgeleri dahil t\u00fcm topraklar\u0131 \u00fczerine egemenli\u011fini geri kazanmas\u0131 esasl\u0131 oldu\u011funun alt\u0131n\u0131 \u00e7izdi.<\/p>\n<p>G\u00f6r\u00fc\u015fmede ayr\u0131ca, Anayasa Tart\u0131\u015fma Komitesinin gelecekte yap\u0131lacak ilk toplant\u0131s\u0131na y\u00f6nelik \u00e7al\u0131\u015fmalar\u0131n ele al\u0131nmas\u0131yla el Esad ve Lavrentiev bu ba\u011flamda memnuniyetlerini ifade ederken komitenin ba\u015far\u0131s\u0131na en \u00f6nemli fakt\u00f6r olarak, \u00e7al\u0131\u015fmalar\u0131na herhangi bir d\u0131\u015f m\u00fcdahalenin olmamas\u0131 oldu\u011funu vurgulad\u0131lar. \u0130ki taraf; komitenin kurulmas\u0131nda yer alm\u0131\u015f \u015fartlara uygun olarak komite \u00e7al\u0131\u015fmalar\u0131n\u0131n Suriyeliler aras\u0131nda ve Suriye\u2019nin liderli\u011findeki diyalog olarak yer almas\u0131 gerekti\u011finin alt\u0131n\u0131 \u00e7izdi.<\/p>\n<p>Toplant\u0131ya Ulusal G\u00fcvenlik B\u00fcrosu Ba\u015fkan\u0131 General Ali Mamluk, D\u0131\u015fi\u015fleri ve Gurbet\u00e7iler Bakan Yard\u0131mc\u0131s\u0131 Ayman Sosan ve \u015eam&#8217;daki Rusya B\u00fcy\u00fckel\u00e7isi kat\u0131ld\u0131.<\/p>\n<p>\u00c7eviri: P.M.<\/p>\n","protected":false},"excerpt":{"rendered":"<p>\u015eAM \u2013 Cumhurba\u015fkan\u0131 Be\u015f\u015far el Esad bug\u00fcn Rusya Ba\u015fkan\u0131n\u0131n Suriye \u00f6zel temsilcisi Aleksander Lavrentiev, Rusya D\u0131\u015fi\u015fleri Bakan Yard\u0131mc\u0131s\u0131 Sergey Ver\u015finin ve beraberlerindeki heyeti kabul etti. G\u00f6r\u00fc\u015fmede, Suriye\u2019deki son geli\u015fmelere \u00f6zellikle Cezire B\u00f6lgesine y\u00f6nelik T\u00fcrk sald\u0131rganl\u0131\u011f\u0131na \u0131\u015f\u0131k tutarken Cumhurba\u015fkan\u0131 el Esad; \u015fimdiki ve gelecek a\u015famada \u00e7al\u0131\u015fmalar\u0131n T\u00fcrk sald\u0131rganl\u0131\u011f\u0131n\u0131n durdurulmas\u0131na, ABD\u2019li, T\u00fcrk g\u00fc\u00e7lerinin ve Suriye topraklar\u0131nda gayrime\u015fru &hellip;<\/p>\n","protected":false},"author":1,"featured_media":193378,"comment_status":"closed","ping_status":"closed","sticky":false,"template":"","format":"standard","meta":{"footnotes":""},"categories":[608,479,605,17988,478],"tags":[],"class_list":["post-193374","post","type-post","status-publish","format-standard","has-post-thumbnail","","category-etkinlikler","category-haberler-yerel","category-sayin-cumhurbaskani","category-son-haberler","category-yerel"],"_links":{"self":[{"href":"https:\/\/archive.sana.sy\/tr\/index.php?rest_route=\/wp\/v2\/posts\/193374","targetHints":{"allow":["GET"]}}],"collection":[{"href":"https:\/\/archive.sana.sy\/tr\/index.php?rest_route=\/wp\/v2\/posts"}],"about":[{"href":"https:\/\/archive.sana.sy\/tr\/index.php?rest_route=\/wp\/v2\/types\/post"}],"author":[{"embeddable":true,"href":"https:\/\/archive.sana.sy\/tr\/index.php?rest_route=\/wp\/v2\/users\/1"}],"replies":[{"embeddable":true,"href":"https:\/\/archive.sana.sy\/tr\/index.php?rest_route=%2Fwp%2Fv2%2Fcomments&post=193374"}],"version-history":[{"count":0,"href":"https:\/\/archive.sana.sy\/tr\/index.php?rest_route=\/wp\/v2\/posts\/193374\/revisions"}],"wp:featuredmedia":[{"embeddable":true,"href":"https:\/\/archive.sana.sy\/tr\/index.php?rest_route=\/wp\/v2\/media\/193378"}],"wp:attachment":[{"href":"https:\/\/archive.sana.sy\/tr\/index.php?rest_route=%2Fwp%2Fv2%2Fmedia&parent=193374"}],"wp:term":[{"taxonomy":"category","embeddable":true,"href":"https:\/\/archive.sana.sy\/tr\/index.php?rest_route=%2Fwp%2Fv2%2Fcategories&post=193374"},{"taxonomy":"post_tag","embeddable":true,"href":"https:\/\/archive.sana.sy\/tr\/index.php?rest_route=%2Fwp%2Fv2%2Ftags&post=193374"}],"curies":[{"name":"wp","href":"https:\/\/api.w.org\/{rel}","templated":true}]}}