{"id":193382,"date":"2019-10-18T16:59:29","date_gmt":"2019-10-18T13:59:29","guid":{"rendered":"http:\/\/www.sana.sy\/tr\/?p=193382"},"modified":"2019-10-18T17:08:12","modified_gmt":"2019-10-18T14:08:12","slug":"cumhurbaskani-bessar-el-esad-bugun-rusya-baskaninin-suriye-ozel-temsilcisi-aleksander-lavrentiev-rusya-disisleri-bakan-yardimcisi-sergey-versinin-ve-beraberlerindeki-heyeti-ile-toplantida-bulunuyor","status":"publish","type":"post","link":"https:\/\/archive.sana.sy\/tr\/?p=193382","title":{"rendered":"Cumhurba\u015fkan\u0131 Be\u015f\u015far el Esad Rusya Ba\u015fkan\u0131n\u0131n Suriye \u00f6zel temsilcisi Aleksander Lavrentiev, Rusya D\u0131\u015fi\u015fleri Bakan Yard\u0131mc\u0131s\u0131 Sergey Ver\u015finin ve beraberlerindeki heyeti ile toplant\u0131da bulunuyor"},"content":{"rendered":"<p>Cumhurba\u015fkan\u0131 Be\u015f\u015far el Esad Rusya Ba\u015fkan\u0131n\u0131n Suriye \u00f6zel temsilcisi Aleksander Lavrentiev, Rusya D\u0131\u015fi\u015fleri Bakan Yard\u0131mc\u0131s\u0131 Sergey Ver\u015finin ve beraberlerindeki heyeti ile toplant\u0131da bulunuyor<\/p>\n<div id='gallery-1' class='gallery galleryid-193382 gallery-columns-1 gallery-size-full'><figure class='gallery-item'>\n\t\t\t<div class='gallery-icon landscape'>\n\t\t\t\t<a href='https:\/\/archive.sana.sy\/tr\/wp-content\/uploads\/2019\/10\/1-264.jpg'><img loading=\"lazy\" decoding=\"async\" width=\"660\" height=\"427\" src=\"https:\/\/archive.sana.sy\/tr\/wp-content\/uploads\/2019\/10\/1-264.jpg\" class=\"attachment-full size-full\" alt=\"\" srcset=\"https:\/\/archive.sana.sy\/tr\/wp-content\/uploads\/2019\/10\/1-264.jpg 660w, https:\/\/archive.sana.sy\/tr\/wp-content\/uploads\/2019\/10\/1-264-150x97.jpg 150w, https:\/\/archive.sana.sy\/tr\/wp-content\/uploads\/2019\/10\/1-264-300x194.jpg 300w\" sizes=\"auto, (max-width: 660px) 100vw, 660px\" \/><\/a>\n\t\t\t<\/div><\/figure><figure class='gallery-item'>\n\t\t\t<div class='gallery-icon landscape'>\n\t\t\t\t<a href='https:\/\/archive.sana.sy\/tr\/wp-content\/uploads\/2019\/10\/2-214.jpg'><img loading=\"lazy\" decoding=\"async\" width=\"660\" height=\"470\" src=\"https:\/\/archive.sana.sy\/tr\/wp-content\/uploads\/2019\/10\/2-214.jpg\" class=\"attachment-full size-full\" alt=\"\" srcset=\"https:\/\/archive.sana.sy\/tr\/wp-content\/uploads\/2019\/10\/2-214.jpg 660w, https:\/\/archive.sana.sy\/tr\/wp-content\/uploads\/2019\/10\/2-214-150x107.jpg 150w, https:\/\/archive.sana.sy\/tr\/wp-content\/uploads\/2019\/10\/2-214-300x214.jpg 300w\" sizes=\"auto, (max-width: 660px) 100vw, 660px\" \/><\/a>\n\t\t\t<\/div><\/figure>\n\t\t<\/div>\n\n","protected":false},"excerpt":{"rendered":"<p>Cumhurba\u015fkan\u0131 Be\u015f\u015far el Esad Rusya Ba\u015fkan\u0131n\u0131n Suriye \u00f6zel temsilcisi Aleksander Lavrentiev, Rusya D\u0131\u015fi\u015fleri Bakan Yard\u0131mc\u0131s\u0131 Sergey Ver\u015finin ve beraberlerindeki heyeti ile toplant\u0131da bulunuyor<\/p>\n","protected":false},"author":1,"featured_media":193386,"comment_status":"closed","ping_status":"closed","sticky":false,"template":"","format":"standard","meta":{"footnotes":""},"categories":[6459],"tags":[],"class_list":["post-193382","post","type-post","status-publish","format-standard","has-post-thumbnail","","category-sana-fotolarl"],"_links":{"self":[{"href":"https:\/\/archive.sana.sy\/tr\/index.php?rest_route=\/wp\/v2\/posts\/193382","targetHints":{"allow":["GET"]}}],"collection":[{"href":"https:\/\/archive.sana.sy\/tr\/index.php?rest_route=\/wp\/v2\/posts"}],"about":[{"href":"https:\/\/archive.sana.sy\/tr\/index.php?rest_route=\/wp\/v2\/types\/post"}],"author":[{"embeddable":true,"href":"https:\/\/archive.sana.sy\/tr\/index.php?rest_route=\/wp\/v2\/users\/1"}],"replies":[{"embeddable":true,"href":"https:\/\/archive.sana.sy\/tr\/index.php?rest_route=%2Fwp%2Fv2%2Fcomments&post=193382"}],"version-history":[{"count":0,"href":"https:\/\/archive.sana.sy\/tr\/index.php?rest_route=\/wp\/v2\/posts\/193382\/revisions"}],"wp:featuredmedia":[{"embeddable":true,"href":"https:\/\/archive.sana.sy\/tr\/index.php?rest_route=\/wp\/v2\/media\/193386"}],"wp:attachment":[{"href":"https:\/\/archive.sana.sy\/tr\/index.php?rest_route=%2Fwp%2Fv2%2Fmedia&parent=193382"}],"wp:term":[{"taxonomy":"category","embeddable":true,"href":"https:\/\/archive.sana.sy\/tr\/index.php?rest_route=%2Fwp%2Fv2%2Fcategories&post=193382"},{"taxonomy":"post_tag","embeddable":true,"href":"https:\/\/archive.sana.sy\/tr\/index.php?rest_route=%2Fwp%2Fv2%2Ftags&post=193382"}],"curies":[{"name":"wp","href":"https:\/\/api.w.org\/{rel}","templated":true}]}}