{"id":193394,"date":"2019-10-19T12:47:09","date_gmt":"2019-10-19T09:47:09","guid":{"rendered":"http:\/\/sana.sy\/tr\/?p=193394"},"modified":"2019-10-20T13:17:45","modified_gmt":"2019-10-20T10:17:45","slug":"suriye-arap-ordusu-haseke-kirsalinda-yeni-koylere-girdi","status":"publish","type":"post","link":"https:\/\/archive.sana.sy\/tr\/?p=193394","title":{"rendered":"Suriye Arap Ordusu Haseke K\u0131rsal\u0131nda Yeni K\u00f6ylere Girdi"},"content":{"rendered":"<p style=\"text-align: justify;\">HASEKE \u2013 Suriye Arap Ordusu Haseke k\u0131rsal\u0131ndaki konu\u015flanma \u00e7emberini geni\u015fleterek Tel Temr Beldesi \u00e7evresinde yeni 3 k\u00f6ye girdi.<\/p>\n<p style=\"text-align: justify;\">Haseke SANA muhabiri, ordu birliklerimizin Haseke k\u0131rsal\u0131nda baz\u0131 k\u00f6ylerde konu\u015flanma eyleminde vatan\u0131 koruma ve savunmadaki ulusal g\u00f6revleri \u00e7er\u00e7evesinde d\u00fcn, orduyu k\u00f6y giri\u015flerinde kar\u015f\u0131layan ahalinin sevin\u00e7 g\u00f6sterileri ortam\u0131nda Tel Temr bat\u0131 k\u0131rsal\u0131ndaki el Salmas, Um el Hayr ve G\u0131rnata K\u00f6ylerine gridi\u011fini ifade etti.<\/p>\n<p style=\"text-align: justify;\">Muhabir, ordu birliklerimizin ilin tamam\u0131nda yay\u0131lma ve Suriye topraklar\u0131na y\u00f6nelik s\u00fcre gelen T\u00fcrk sald\u0131rganl\u0131\u011f\u0131na kar\u015f\u0131 koymak i\u00e7in Haseke&#8217;nin yakla\u015f\u0131k 40 km kuzey bat\u0131s\u0131ndaki Tel Temr beldesi k\u0131rsal\u0131n\u0131n geriye kalan k\u00f6y ve beldelerindeki noktalar\u0131n\u0131 belirlemeyi s\u00fcrd\u00fcrd\u00fc\u011f\u00fcne i\u015faret etti.<\/p>\n<p>\u00c7eviri: S.\u015eahut<\/p>\n","protected":false},"excerpt":{"rendered":"<p>HASEKE \u2013 Suriye Arap Ordusu Haseke k\u0131rsal\u0131ndaki konu\u015flanma \u00e7emberini geni\u015fleterek Tel Temr Beldesi \u00e7evresinde yeni 3 k\u00f6ye girdi. Haseke SANA muhabiri, ordu birliklerimizin Haseke k\u0131rsal\u0131nda baz\u0131 k\u00f6ylerde konu\u015flanma eyleminde vatan\u0131 koruma ve savunmadaki ulusal g\u00f6revleri \u00e7er\u00e7evesinde d\u00fcn, orduyu k\u00f6y giri\u015flerinde kar\u015f\u0131layan ahalinin sevin\u00e7 g\u00f6sterileri ortam\u0131nda Tel Temr bat\u0131 k\u0131rsal\u0131ndaki el Salmas, Um el Hayr ve &hellip;<\/p>\n","protected":false},"author":1,"featured_media":193395,"comment_status":"closed","ping_status":"closed","sticky":false,"template":"","format":"standard","meta":{"footnotes":""},"categories":[479,575,17988,478],"tags":[],"class_list":["post-193394","post","type-post","status-publish","format-standard","has-post-thumbnail","","category-haberler-yerel","category-olaylar-ve-gercekler","category-son-haberler","category-yerel"],"_links":{"self":[{"href":"https:\/\/archive.sana.sy\/tr\/index.php?rest_route=\/wp\/v2\/posts\/193394","targetHints":{"allow":["GET"]}}],"collection":[{"href":"https:\/\/archive.sana.sy\/tr\/index.php?rest_route=\/wp\/v2\/posts"}],"about":[{"href":"https:\/\/archive.sana.sy\/tr\/index.php?rest_route=\/wp\/v2\/types\/post"}],"author":[{"embeddable":true,"href":"https:\/\/archive.sana.sy\/tr\/index.php?rest_route=\/wp\/v2\/users\/1"}],"replies":[{"embeddable":true,"href":"https:\/\/archive.sana.sy\/tr\/index.php?rest_route=%2Fwp%2Fv2%2Fcomments&post=193394"}],"version-history":[{"count":0,"href":"https:\/\/archive.sana.sy\/tr\/index.php?rest_route=\/wp\/v2\/posts\/193394\/revisions"}],"wp:featuredmedia":[{"embeddable":true,"href":"https:\/\/archive.sana.sy\/tr\/index.php?rest_route=\/wp\/v2\/media\/193395"}],"wp:attachment":[{"href":"https:\/\/archive.sana.sy\/tr\/index.php?rest_route=%2Fwp%2Fv2%2Fmedia&parent=193394"}],"wp:term":[{"taxonomy":"category","embeddable":true,"href":"https:\/\/archive.sana.sy\/tr\/index.php?rest_route=%2Fwp%2Fv2%2Fcategories&post=193394"},{"taxonomy":"post_tag","embeddable":true,"href":"https:\/\/archive.sana.sy\/tr\/index.php?rest_route=%2Fwp%2Fv2%2Ftags&post=193394"}],"curies":[{"name":"wp","href":"https:\/\/api.w.org\/{rel}","templated":true}]}}