{"id":193397,"date":"2019-10-19T12:54:54","date_gmt":"2019-10-19T09:54:54","guid":{"rendered":"http:\/\/sana.sy\/tr\/?p=193397"},"modified":"2019-10-20T13:17:56","modified_gmt":"2019-10-20T10:17:56","slug":"lubnandaki-protesto-gosterileri-ve-yol-kesmeler-muhtelif-bolgelerde-suruyor","status":"publish","type":"post","link":"https:\/\/archive.sana.sy\/tr\/?p=193397","title":{"rendered":"L\u00fcbnandaki Protesto G\u00f6sterileri ve Yol Kesmeler Muhtelif B\u00f6lgelerde S\u00fcr\u00fcyor"},"content":{"rendered":"<p style=\"text-align: justify;\">BEYRUT \u2013 Beyrut, G\u00fcney, Bekaa ve Trablus b\u00f6lgelerinde protestocular, k\u00f6t\u00fcle\u015fen ya\u015fam ko\u015fullar\u0131n\u0131 ve L\u00fcbnan kabinesinin ileti\u015fim \u00fccretleri de dahil olmak \u00fczere yeni \u00fccretler getirme kararlar\u0131n\u0131 protesto etmek i\u00e7in, g\u00f6sterilerini yollar\u0131 kesmek ve sokaklarda lastik yakmakla 3. g\u00fcnde s\u00fcrd\u00fcr\u00fcyor.<\/p>\n<p style=\"text-align: justify;\">Protestocular L\u00fcbnan ordusunun d\u00fcn a\u00e7t\u0131ktan sonra Trablus&#8217;taki Abdul Hamid Karami meydan\u0131n\u0131 kesip lastik yakt\u0131. Bilinece\u011fi \u00fczere Trablus\u00a0 ili fel\u00e7 olmu\u015f durumda ve okullar tamamen kapanm\u0131\u015f durumda. Akkar&#8217;a giden yol \u015fu ana kadar kapal\u0131 olup uluslararas\u0131 karayolu zay\u0131f bir hareketlili\u011fe sahne oluyor.<\/p>\n<p style=\"text-align: justify;\">L\u00fcbnan ordusu yanan lastikleri s\u00f6nd\u00fcrd\u00fckten sonra kuzey L\u00fcbnan&#8217;daki \u015eekka karayolunu gidi\u015f d\u00f6n\u00fc\u015f a\u00e7t\u0131ktan sonra bug\u00fcn lastikleri kald\u0131rd\u0131, hastane k\u00f6pr\u00fcs\u00fcn\u00fcn alt\u0131ndaki Batrun karayolu hala kesili durumda.<\/p>\n<p style=\"text-align: justify;\">L\u00fcbnan \u0130\u00e7 G\u00fcvenlik Kuvvetleri Trafik Kontrol Odas\u0131, Bhamdun&#8217;daki Ruveysat- Sofar, Aliya&#8217;daki Esamhan Saray\u0131, \u015eemsin f\u0131r\u0131nlar\u0131 yak\u0131n\u0131ndaki \u015euveyfat ve Halde yollar\u0131 ile K\u0131bb\u0131lyas, Cdeyta ve Tar\u015fi\u015f-Zahleh yollar\u0131n\u0131n hala g\u00f6stericiler taraf\u0131ndan kesildi\u011fini ilan etti.<\/p>\n<p style=\"text-align: justify;\">Sayda&#8217;da Abra, Tal&#8217;a, Al-Muhaf\u0131z, Al Kaya&#8217;a ve Al \u015eama&#8217; otoyollar\u0131na giden Haret Saida kav\u015fa\u011f\u0131n\u0131n g\u00f6stericiler taraf\u0131ndan toprakla kapat\u0131l\u0131rken, Hermel&#8217;den Baalbek y\u00f6n\u00fcnde do\u011fru giden yolar Riyak Kav\u015fa\u011f\u0131&#8217;ndan itibaren a\u00e7\u0131ld\u0131.<\/p>\n<p style=\"text-align: justify;\">Bu arada, L\u00fcbnan \u0130\u00e7 G\u00fcvenlik Kuvvetleri Genel M\u00fcd\u00fcrl\u00fc\u011f\u00fc, i\u00e7 g\u00fcvenlik kuvvetlerinden yaralananlar\u0131n say\u0131s\u0131n\u0131n 52&#8217;ye y\u00fckseldi\u011fini, Beyrut \u015fehir merkezindeki gasp, kundaklama ve h\u0131rs\u0131zl\u0131k eylemleri yapt\u0131klar\u0131 s\u0131rada 70 ki\u015finin g\u00f6z alt\u0131na al\u0131nd\u0131\u011f\u0131n\u0131 a\u00e7\u0131klad\u0131.<\/p>\n<p style=\"text-align: justify;\">Kuzey L\u00fcbnanda ise d\u00fcn, Trablus&#8217;ta eski bir milletvekilinin korumalar\u0131 taraf\u0131ndan g\u00f6stericiler \u00fczerine a\u00e7\u0131lan ate\u015f sonucunda 5 L\u00fcbnanl\u0131 g\u00f6sterici yaralanm\u0131\u015ft\u0131.<\/p>\n<p style=\"text-align: justify;\">L\u00fcbnan medyas\u0131 bug\u00fcn, L\u00fcbnan ordusu ve g\u00fcvenlik g\u00fc\u00e7lerinin g\u00f6stericileri Beyrut \u015fehir merkez ve \u00e7evresindeki sokaklardan \u00e7\u0131karabilmek i\u00e7in L\u00fcbnan Maliye Bakanl\u0131\u011f\u0131na ait bir \u015fubenin yak\u0131lmas\u0131 da dahil olmak \u00fczere, Beyrut merkezindeki d\u00fckkan ve kurumlardaki y\u0131k\u0131m ve sabotaj eylemlerinin hacmini g\u00f6sterdi.<\/p>\n<p style=\"text-align: justify;\">Bu arada, L\u00fcbnan ordusu Al Masnaa yolu, Beyrut havaalan\u0131 ve Baabda&#8217;daki Ba\u015fkanl\u0131k Saray\u0131na giden yolu yeniden a\u00e7arken, Beyrut&#8217;taki Riyad El Sulh Meydan\u0131&#8217;nda baz\u0131 g\u00f6stericiler toplanarak oturma eylemleri ve grevlerin s\u00fcrd\u00fc\u011f\u00fcn\u00fc ilan ettiler.<\/p>\n<p style=\"text-align: justify;\">\u00d6te yandan, kara duman bulutlar\u0131 b\u00f6lgedeki g\u00f6ky\u00fcz\u00fcn\u00fc, Nabatiye&#8217;yi L\u00fcbnan&#8217;\u0131n g\u00fcneyindeki Merc Uyun&#8217;a ba\u011flayan yolu ve Mimas Manast\u0131r\u0131, Hardali, El Kuley&#8217;a \u00fc\u00e7genini birbirine ba\u011flayan b\u00f6lgelerde kaplarken, protestocular \u00e7ad\u0131rlar dikerek eylemlerimi h\u00fck\u00fcmet istifa edene kadar s\u00fcrd\u00fcreceklerini belirttiler.<\/p>\n<p style=\"text-align: justify;\">L\u00fcbnan Ulusal Haber Ajans\u0131, Cbeyl merkezindeki sivil savunma elemanlar\u0131n\u0131n, gece yar\u0131s\u0131ndan sonra Halat- Fidar- Am\u015fit ve Barbara otoyollarda yanan lastikleri s\u00f6nd\u00fcrd\u00fcklerini ve yolu trafi\u011fe a\u00e7t\u0131klar\u0131n\u0131 bildirdi. Jiyye yolunun ise hala toprak setlerle kesildi\u011fine i\u015faret ederek, ahalinin yol ortalar\u0131na \u00e7ad\u0131r kurmay\u0131 s\u00fcrd\u00fcrd\u00fcklerini ve L\u00fcbnan ordusu birliklerinin takviyelerinin yeti\u015fti\u011fini ifade ettti.<\/p>\n<p>\u00c7eviri: S.\u015eahut<\/p>\n<p>&nbsp;<\/p>\n","protected":false},"excerpt":{"rendered":"<p>BEYRUT \u2013 Beyrut, G\u00fcney, Bekaa ve Trablus b\u00f6lgelerinde protestocular, k\u00f6t\u00fcle\u015fen ya\u015fam ko\u015fullar\u0131n\u0131 ve L\u00fcbnan kabinesinin ileti\u015fim \u00fccretleri de dahil olmak \u00fczere yeni \u00fccretler getirme kararlar\u0131n\u0131 protesto etmek i\u00e7in, g\u00f6sterilerini yollar\u0131 kesmek ve sokaklarda lastik yakmakla 3. g\u00fcnde s\u00fcrd\u00fcr\u00fcyor. Protestocular L\u00fcbnan ordusunun d\u00fcn a\u00e7t\u0131ktan sonra Trablus&#8217;taki Abdul Hamid Karami meydan\u0131n\u0131 kesip lastik yakt\u0131. Bilinece\u011fi \u00fczere Trablus\u00a0 &hellip;<\/p>\n","protected":false},"author":1,"featured_media":193398,"comment_status":"closed","ping_status":"closed","sticky":false,"template":"","format":"standard","meta":{"footnotes":""},"categories":[458,459,17988],"tags":[],"class_list":["post-193397","post","type-post","status-publish","format-standard","has-post-thumbnail","","category-dunya1","category-haberler-arap-uluslararasi-politika","category-son-haberler"],"_links":{"self":[{"href":"https:\/\/archive.sana.sy\/tr\/index.php?rest_route=\/wp\/v2\/posts\/193397","targetHints":{"allow":["GET"]}}],"collection":[{"href":"https:\/\/archive.sana.sy\/tr\/index.php?rest_route=\/wp\/v2\/posts"}],"about":[{"href":"https:\/\/archive.sana.sy\/tr\/index.php?rest_route=\/wp\/v2\/types\/post"}],"author":[{"embeddable":true,"href":"https:\/\/archive.sana.sy\/tr\/index.php?rest_route=\/wp\/v2\/users\/1"}],"replies":[{"embeddable":true,"href":"https:\/\/archive.sana.sy\/tr\/index.php?rest_route=%2Fwp%2Fv2%2Fcomments&post=193397"}],"version-history":[{"count":0,"href":"https:\/\/archive.sana.sy\/tr\/index.php?rest_route=\/wp\/v2\/posts\/193397\/revisions"}],"wp:featuredmedia":[{"embeddable":true,"href":"https:\/\/archive.sana.sy\/tr\/index.php?rest_route=\/wp\/v2\/media\/193398"}],"wp:attachment":[{"href":"https:\/\/archive.sana.sy\/tr\/index.php?rest_route=%2Fwp%2Fv2%2Fmedia&parent=193397"}],"wp:term":[{"taxonomy":"category","embeddable":true,"href":"https:\/\/archive.sana.sy\/tr\/index.php?rest_route=%2Fwp%2Fv2%2Fcategories&post=193397"},{"taxonomy":"post_tag","embeddable":true,"href":"https:\/\/archive.sana.sy\/tr\/index.php?rest_route=%2Fwp%2Fv2%2Ftags&post=193397"}],"curies":[{"name":"wp","href":"https:\/\/api.w.org\/{rel}","templated":true}]}}