{"id":193400,"date":"2019-10-19T12:58:08","date_gmt":"2019-10-19T09:58:08","guid":{"rendered":"http:\/\/sana.sy\/tr\/?p=193400"},"modified":"2019-10-20T13:17:58","modified_gmt":"2019-10-20T10:17:58","slug":"babich-suriye-topraklarina-yonelik-turk-saldirganligi-kabul-edilemez-bir-durum","status":"publish","type":"post","link":"https:\/\/archive.sana.sy\/tr\/?p=193400","title":{"rendered":"Babich: Suriye Topraklar\u0131na Y\u00f6nelik T\u00fcrk Sald\u0131rganl\u0131\u011f\u0131 Kabul Edilemez Bir Durum"},"content":{"rendered":"<p style=\"text-align: justify;\">PRAG &#8211; \u00c7ek Cumhuriyeti Ba\u015fbakan\u0131 Andrei Babich, T\u00fcrkiye&#8217;nin ittifak \u00fcyesi olmas\u0131na nazaran T\u00fcrkiye\u2019nin Suriye topraklar\u0131na y\u00f6nelik sald\u0131rganl\u0131\u011f\u0131 zemininde NATO\u2019nun kurulu\u015f anla\u015fmas\u0131n\u0131n de\u011fi\u015ftirilmesi \u00e7a\u011fr\u0131s\u0131nda bulundu.<\/p>\n<p style=\"text-align: justify;\">Babich, bug\u00fcn yay\u0131nlanan bas\u0131n a\u00e7\u0131klamas\u0131nda T\u00fcrkiye, ABD ve Kanada\u2019n\u0131n Avrupa \u00fclkesi olmad\u0131klar\u0131na dikkat \u00e7ekerek, T\u00fcrkiye\u2019nin sald\u0131rganl\u0131\u011f\u0131n\u0131n kabul edilemez oldu\u011funu bu nedenle NATO&#8217;da \u00fcye Avrupal\u0131 \u00fcyelere d\u00fc\u015fen g\u00f6revin, T\u00fcrkiye\u2019nin NATO&#8217;dan ihra\u00e7 edilmesi iste\u011fine i\u015faretle, yeni bir anla\u015fma haz\u0131rlanma olas\u0131l\u0131\u011f\u0131 hakk\u0131nda konu\u015fmalar\u0131 gerekti\u011fini s\u00f6yledi.<\/p>\n<p style=\"text-align: justify;\">Kendi y\u00f6n\u00fcnden \u00c7ek Temsilciler Meclisi&#8217;ndeki savunma komitesi ba\u015fkan\u0131 Jana Chernohova, Suriye topraklar\u0131na y\u00f6nelik sald\u0131rganl\u0131\u011f\u0131n\u0131n t\u00fcm b\u00f6lgenin istikrar\u0131n\u0131 ve g\u00fcvenli\u011fini tehdit etti\u011finden uyararak, bu sald\u0131rganl\u0131\u011f\u0131n Recep Tayyip Erdo\u011fan rejimi taraf\u0131ndan sunulan iddia ve bahanelerin hi\u00e7birinin onu hakl\u0131 \u00e7\u0131kamayaca\u011f\u0131n\u0131 belirtti.<\/p>\n<p style=\"text-align: justify;\">Chernohova, bir NATO \u00fcye \u00fclkesi taraf\u0131ndan d\u00fczenlenen bu sald\u0131rganl\u0131\u011f\u0131n, pakt\u0131n bir b\u00fct\u00fcn olarak itibar\u0131n\u0131 zedeledi\u011fi konusunda uyard\u0131; ayr\u0131ca, 1. Maddede, her birinin di\u011fer \u00fclkelerle olan farkl\u0131l\u0131klar\u0131n\u0131 uluslararas\u0131 bar\u0131\u015f\u0131 tehdit etmemesi i\u00e7in di\u011fer \u00fclkelerle anla\u015fmazl\u0131klar\u0131n\u0131 bar\u0131\u015f\u00e7\u0131l yolla \u00e7\u00f6zmeye \u00e7al\u0131\u015fmay\u0131 taahh\u00fct eden Washington Antla\u015fmas\u0131&#8217;na benzeri g\u00f6r\u00fclmemi\u015f bir ihlalini temsil etti\u011fini s\u00f6yledi.<\/p>\n<p style=\"text-align: justify;\">Ayr\u0131ca parlamentoda temsil edilen &#8220;Top 09 Partisi&#8221; ba\u015fkan\u0131 Miroslav Kalosik, T\u00fcrkiye\u2019nin Suriye topraklar\u0131na y\u00f6nelik sald\u0131rganl\u0131\u011f\u0131n\u0131 k\u0131nayarak, T\u00fcrkiye rejiminin sald\u0131rganl\u0131\u011f\u0131n\u0131 durdurmas\u0131 ve askerlerini geri \u00e7ekmesiyle ilgili \u00e7a\u011fr\u0131lar\u0131n yeterli olmad\u0131\u011f\u0131na dikkat \u00e7ekti.<\/p>\n<p style=\"text-align: justify;\">Kendi y\u00f6n\u00fcnden \u00c7ek Cumhuriyeti&#8217;nden Avrupa Parlamentosu \u00fcyesi Katrjina Konicna ise, T\u00fcrkiye\u2019nin Suriye\u2019ye y\u00f6nelik sald\u0131rganl\u0131\u011f\u0131n\u0131n, aralar\u0131nda I\u015e\u0130D ter\u00f6ristlerinin Avrupa\u2019ya varmas\u0131 imkan\u0131n\u0131n da bulundu\u011fu sonu\u00e7lar neticesinde, Avrupa Birli\u011fi \u00fclkelerinin g\u00fcvenli\u011fine y\u00f6nelik bir tehdit oldu\u011funu belirtti.<\/p>\n<p style=\"text-align: justify;\">\u00c7ek Radyosu ile yap\u0131lan bir r\u00f6portajda Konicna, Avrupa Birli\u011fi\u2019nin \u00fclkelerine, T\u00fcrkiye\u2019ye silah ihrac\u0131n\u0131 durdurma tavsiyesinin yeterli olmad\u0131\u011f\u0131n\u0131, bunun yan\u0131 s\u0131ra T\u00fcrkiye&#8217;ye ekonomik yapt\u0131r\u0131mlar\u0131n da e\u015flik etmesi gerekti\u011fini vurgulad\u0131.<\/p>\n<p>\u00c7eviri: S.\u015eahut<\/p>\n","protected":false},"excerpt":{"rendered":"<p>PRAG &#8211; \u00c7ek Cumhuriyeti Ba\u015fbakan\u0131 Andrei Babich, T\u00fcrkiye&#8217;nin ittifak \u00fcyesi olmas\u0131na nazaran T\u00fcrkiye\u2019nin Suriye topraklar\u0131na y\u00f6nelik sald\u0131rganl\u0131\u011f\u0131 zemininde NATO\u2019nun kurulu\u015f anla\u015fmas\u0131n\u0131n de\u011fi\u015ftirilmesi \u00e7a\u011fr\u0131s\u0131nda bulundu. Babich, bug\u00fcn yay\u0131nlanan bas\u0131n a\u00e7\u0131klamas\u0131nda T\u00fcrkiye, ABD ve Kanada\u2019n\u0131n Avrupa \u00fclkesi olmad\u0131klar\u0131na dikkat \u00e7ekerek, T\u00fcrkiye\u2019nin sald\u0131rganl\u0131\u011f\u0131n\u0131n kabul edilemez oldu\u011funu bu nedenle NATO&#8217;da \u00fcye Avrupal\u0131 \u00fcyelere d\u00fc\u015fen g\u00f6revin, T\u00fcrkiye\u2019nin NATO&#8217;dan ihra\u00e7 edilmesi &hellip;<\/p>\n","protected":false},"author":1,"featured_media":193401,"comment_status":"closed","ping_status":"closed","sticky":false,"template":"","format":"standard","meta":{"footnotes":""},"categories":[458,459,17988],"tags":[],"class_list":["post-193400","post","type-post","status-publish","format-standard","has-post-thumbnail","","category-dunya1","category-haberler-arap-uluslararasi-politika","category-son-haberler"],"_links":{"self":[{"href":"https:\/\/archive.sana.sy\/tr\/index.php?rest_route=\/wp\/v2\/posts\/193400","targetHints":{"allow":["GET"]}}],"collection":[{"href":"https:\/\/archive.sana.sy\/tr\/index.php?rest_route=\/wp\/v2\/posts"}],"about":[{"href":"https:\/\/archive.sana.sy\/tr\/index.php?rest_route=\/wp\/v2\/types\/post"}],"author":[{"embeddable":true,"href":"https:\/\/archive.sana.sy\/tr\/index.php?rest_route=\/wp\/v2\/users\/1"}],"replies":[{"embeddable":true,"href":"https:\/\/archive.sana.sy\/tr\/index.php?rest_route=%2Fwp%2Fv2%2Fcomments&post=193400"}],"version-history":[{"count":0,"href":"https:\/\/archive.sana.sy\/tr\/index.php?rest_route=\/wp\/v2\/posts\/193400\/revisions"}],"wp:featuredmedia":[{"embeddable":true,"href":"https:\/\/archive.sana.sy\/tr\/index.php?rest_route=\/wp\/v2\/media\/193401"}],"wp:attachment":[{"href":"https:\/\/archive.sana.sy\/tr\/index.php?rest_route=%2Fwp%2Fv2%2Fmedia&parent=193400"}],"wp:term":[{"taxonomy":"category","embeddable":true,"href":"https:\/\/archive.sana.sy\/tr\/index.php?rest_route=%2Fwp%2Fv2%2Fcategories&post=193400"},{"taxonomy":"post_tag","embeddable":true,"href":"https:\/\/archive.sana.sy\/tr\/index.php?rest_route=%2Fwp%2Fv2%2Ftags&post=193400"}],"curies":[{"name":"wp","href":"https:\/\/api.w.org\/{rel}","templated":true}]}}