{"id":193403,"date":"2019-10-19T13:49:56","date_gmt":"2019-10-19T10:49:56","guid":{"rendered":"http:\/\/www.sana.sy\/tr\/?p=193403"},"modified":"2019-10-20T13:18:03","modified_gmt":"2019-10-20T10:18:03","slug":"nasrullah-butun-lubnanlilarin-ulkenin-karsilastigi-tehlikeli-durum-onunde-sorumluluklarini-ustlenmesi-gerek","status":"publish","type":"post","link":"https:\/\/archive.sana.sy\/tr\/?p=193403","title":{"rendered":"Nasrullah: B\u00fct\u00fcn L\u00fcbnanl\u0131lar\u0131n \u00dclkenin Kar\u015f\u0131la\u015ft\u0131\u011f\u0131 Tehlikeli Durum \u00d6n\u00fcnde Sorumluluklar\u0131n\u0131 \u00dcstlenmesi Gerek"},"content":{"rendered":"<p style=\"text-align: justify;\">BEYRUT \u2013 Hizbullah Genel Sekreteri Seyyid Hasan Nasrullah, L\u00fcbnan&#8217;da baz\u0131 taraflar\u0131n sorumluluklar\u0131ndan s\u0131yr\u0131lmaya ve sonu\u00e7lar\u0131n\u0131 ba\u015fkalar\u0131na y\u00fcklemeye \u00e7al\u0131\u015farak H\u00fckumetten \u00e7ekilme veya istifa atmeye \u00e7a\u011fr\u0131 yapt\u0131\u011f\u0131n\u0131 belirterek, \u00fclkenin kar\u015f\u0131 kar\u015f\u0131ya oldu\u011fu tehlikeli durum \u00f6n\u00fcnde t\u00fcm L\u00fcbnanl\u0131lar\u0131n sorumluluklar\u0131n\u0131 \u00fcstlenmesi gerekti\u011fini vurgulad\u0131.<\/p>\n<p style=\"text-align: justify;\">Nasrullah, L\u00fcbnan&#8217;da baz\u0131 politikac\u0131 ve kuvvetlerin izledikleri yolun, insanlar\u0131n, \u00fclkenin ve kamu davalar\u0131n\u0131n gelece\u011fi ile teatide ulusal, ahlaki ve insani\u00a0 ruhtan yoksun oldu\u011funu s\u00f6yledi.<\/p>\n<p style=\"text-align: justify;\">Nasrullah,L\u00fcbnan&#8217;daki finans ve ekonomi durumunun 30 y\u0131la varan uzun y\u0131llar\u0131n birikintisi oldu\u011funu, bu y\u00fczden hepimizin sorumlulu\u011fu kabul ve tahamm\u00fcl etmesi gerekti\u011fini, \u00fclkenin vard\u0131\u011f\u0131 bu durumlardan herhangi birimizin sorumluluklar\u0131ndan s\u0131yr\u0131lmas\u0131n\u0131n ay\u0131p oldu\u011funu vurgulad\u0131.<\/p>\n<p style=\"text-align: justify;\">Nasrullah: &#8220;L\u00fcbnanl\u0131lar olarak hepimiz, hatal\u0131\u00a0 ve yanl\u0131\u015f tedavilerin bir sonucu olarak pop\u00fcler bir patlama riski olmadan finansal ve ekonomik \u00e7\u00f6k\u00fc\u015f\u00fcn has\u0131l olmas\u0131n\u0131 \u00f6nleyebiliriz&#8221; dedi.<\/p>\n<p style=\"text-align: justify;\">Nasrullah: &#8220;H\u00fckumetin protestolar akabinde istifa etmesini teyit etmiyoruz. Herhangi bir teknokrat h\u00fckumeti de iki hafta ayakta kalamaz&#8221; dedi.<\/p>\n<p style=\"text-align: justify;\">H\u00fck\u00fcmetin t\u00fcm \u00fcyeleri aras\u0131nda i\u015fbirli\u011fine ve sorumluluktan ka\u00e7mamaya \u00e7a\u011fr\u0131 yapan Nasrullah, halihaz\u0131rdaki durumun surmlulu\u011funu tahamm\u00fcl etmekten ka\u00e7anlar\u0131n \u00f6zellikle \u00fclkeyi bu zor duruma yeti\u015ftirenler ba\u015fta olmak \u00fczere, yarg\u0131lanmas\u0131 gerekti\u011fine dikkat \u00e7ekti.<\/p>\n<p>\u00c7eviri: S.\u015eahut<\/p>\n","protected":false},"excerpt":{"rendered":"<p>BEYRUT \u2013 Hizbullah Genel Sekreteri Seyyid Hasan Nasrullah, L\u00fcbnan&#8217;da baz\u0131 taraflar\u0131n sorumluluklar\u0131ndan s\u0131yr\u0131lmaya ve sonu\u00e7lar\u0131n\u0131 ba\u015fkalar\u0131na y\u00fcklemeye \u00e7al\u0131\u015farak H\u00fckumetten \u00e7ekilme veya istifa atmeye \u00e7a\u011fr\u0131 yapt\u0131\u011f\u0131n\u0131 belirterek, \u00fclkenin kar\u015f\u0131 kar\u015f\u0131ya oldu\u011fu tehlikeli durum \u00f6n\u00fcnde t\u00fcm L\u00fcbnanl\u0131lar\u0131n sorumluluklar\u0131n\u0131 \u00fcstlenmesi gerekti\u011fini vurgulad\u0131. Nasrullah, L\u00fcbnan&#8217;da baz\u0131 politikac\u0131 ve kuvvetlerin izledikleri yolun, insanlar\u0131n, \u00fclkenin ve kamu davalar\u0131n\u0131n gelece\u011fi ile teatide &hellip;<\/p>\n","protected":false},"author":1,"featured_media":193404,"comment_status":"closed","ping_status":"closed","sticky":false,"template":"","format":"standard","meta":{"footnotes":""},"categories":[458,459,17988],"tags":[],"class_list":["post-193403","post","type-post","status-publish","format-standard","has-post-thumbnail","","category-dunya1","category-haberler-arap-uluslararasi-politika","category-son-haberler"],"_links":{"self":[{"href":"https:\/\/archive.sana.sy\/tr\/index.php?rest_route=\/wp\/v2\/posts\/193403","targetHints":{"allow":["GET"]}}],"collection":[{"href":"https:\/\/archive.sana.sy\/tr\/index.php?rest_route=\/wp\/v2\/posts"}],"about":[{"href":"https:\/\/archive.sana.sy\/tr\/index.php?rest_route=\/wp\/v2\/types\/post"}],"author":[{"embeddable":true,"href":"https:\/\/archive.sana.sy\/tr\/index.php?rest_route=\/wp\/v2\/users\/1"}],"replies":[{"embeddable":true,"href":"https:\/\/archive.sana.sy\/tr\/index.php?rest_route=%2Fwp%2Fv2%2Fcomments&post=193403"}],"version-history":[{"count":0,"href":"https:\/\/archive.sana.sy\/tr\/index.php?rest_route=\/wp\/v2\/posts\/193403\/revisions"}],"wp:featuredmedia":[{"embeddable":true,"href":"https:\/\/archive.sana.sy\/tr\/index.php?rest_route=\/wp\/v2\/media\/193404"}],"wp:attachment":[{"href":"https:\/\/archive.sana.sy\/tr\/index.php?rest_route=%2Fwp%2Fv2%2Fmedia&parent=193403"}],"wp:term":[{"taxonomy":"category","embeddable":true,"href":"https:\/\/archive.sana.sy\/tr\/index.php?rest_route=%2Fwp%2Fv2%2Fcategories&post=193403"},{"taxonomy":"post_tag","embeddable":true,"href":"https:\/\/archive.sana.sy\/tr\/index.php?rest_route=%2Fwp%2Fv2%2Ftags&post=193403"}],"curies":[{"name":"wp","href":"https:\/\/api.w.org\/{rel}","templated":true}]}}