{"id":193406,"date":"2019-10-19T13:55:50","date_gmt":"2019-10-19T10:55:50","guid":{"rendered":"http:\/\/www.sana.sy\/tr\/?p=193406"},"modified":"2019-10-20T13:18:12","modified_gmt":"2019-10-20T10:18:12","slug":"alman-politikacilar-suriye-topraklarina-yonelik-saldirganligi-nedeniyle-erdogana-cezai-tedbirler-alma-cagrisinda-bulundu","status":"publish","type":"post","link":"https:\/\/archive.sana.sy\/tr\/?p=193406","title":{"rendered":"Alman Politikac\u0131lar, Suriye Topraklar\u0131na Y\u00f6nelik Sald\u0131rganl\u0131\u011f\u0131 Nedeniyle Erdo\u011fan\u2019a Cezai Tedbirler Alma \u00c7a\u011fr\u0131s\u0131nda Bulundu"},"content":{"rendered":"<p style=\"text-align: justify;\">BERL\u0130N &#8211; Alman Sol Partisi meclis blo\u011fu genel ba\u015fkan yard\u0131mc\u0131s\u0131 Sevim Da\u011fdelen bug\u00fcn yapt\u0131\u011f\u0131 a\u00e7\u0131klamada, T\u00fcrkiye\u2019nin Suriye topraklar\u0131na y\u00f6nelik sald\u0131rganl\u0131\u011f\u0131n\u0131n uluslararas\u0131 bir hukuka ayk\u0131r\u0131 oldu\u011funu belirterek, bu sald\u0131rganl\u0131k sonucunda T\u00fcrk rejimine y\u00f6nelik do\u011frudan cezai tedbirler getirilmesine \u00e7a\u011fr\u0131 yapt\u0131.<\/p>\n<p style=\"text-align: justify;\">Alman Contra Dergisi Da\u011fdelen&#8217;in demecinden naklen, &#8220;Silah ihracat\u0131 ve finanas yard\u0131mlar\u0131n\u0131n durdurulmas\u0131na y\u00f6nelik kapsaml\u0131 bir ambargo yan\u0131 s\u0131ra, Erdo\u011fan&#8217;a kar\u015f\u0131 bireysel cezai \u00f6nlemler ve Avrupa Birli\u011fi&#8217;ndeki hesaplar\u0131na el konulmal\u0131&#8221; dedi.<\/p>\n<p style=\"text-align: justify;\">Kendi y\u00f6n\u00fcnden Eski D\u0131\u015fi\u015fleri Bakan\u0131 Zigmar Gabriel ise, Avrupa Birli\u011fi\u2019nin zay\u0131fl\u0131\u011f\u0131 ve T\u00fcrkiye\u2019nin sald\u0131rganl\u0131\u011f\u0131na kar\u015f\u0131 \u00e7ekingen davran\u0131\u015f\u0131n\u0131 ele\u015ftirdi.<\/p>\n<p style=\"text-align: justify;\">\u00d6te yandan H\u0131ristiyan Sosyal Birli\u011finden Alman siyaset\u00e7i Manfred Weber, Avrupa Birli\u011fi\u2019ni Erdo\u011fan rejimine kar\u015f\u0131 ekonomik yapt\u0131r\u0131m silahlar\u0131n\u0131 kullanmaya \u00e7a\u011f\u0131rarak; AB&#8217;nin T\u00fcrkiye&#8217;nin temel ticaret orta\u011f\u0131 olmas\u0131 itibariyle, Erdo\u011fan&#8217;\u0131 bask\u0131 alt\u0131na koymak i\u00e7in ekonomik yapt\u0131r\u0131mlar\u0131n m\u00fcnasip vesile olaca\u011f\u0131n\u0131 s\u00f6yledi.<\/p>\n<p>\u00c7eviri: S.\u015eahut<\/p>\n","protected":false},"excerpt":{"rendered":"<p>BERL\u0130N &#8211; Alman Sol Partisi meclis blo\u011fu genel ba\u015fkan yard\u0131mc\u0131s\u0131 Sevim Da\u011fdelen bug\u00fcn yapt\u0131\u011f\u0131 a\u00e7\u0131klamada, T\u00fcrkiye\u2019nin Suriye topraklar\u0131na y\u00f6nelik sald\u0131rganl\u0131\u011f\u0131n\u0131n uluslararas\u0131 bir hukuka ayk\u0131r\u0131 oldu\u011funu belirterek, bu sald\u0131rganl\u0131k sonucunda T\u00fcrk rejimine y\u00f6nelik do\u011frudan cezai tedbirler getirilmesine \u00e7a\u011fr\u0131 yapt\u0131. Alman Contra Dergisi Da\u011fdelen&#8217;in demecinden naklen, &#8220;Silah ihracat\u0131 ve finanas yard\u0131mlar\u0131n\u0131n durdurulmas\u0131na y\u00f6nelik kapsaml\u0131 bir ambargo yan\u0131 &hellip;<\/p>\n","protected":false},"author":1,"featured_media":193407,"comment_status":"closed","ping_status":"closed","sticky":false,"template":"","format":"standard","meta":{"footnotes":""},"categories":[458,459,17988],"tags":[],"class_list":["post-193406","post","type-post","status-publish","format-standard","has-post-thumbnail","","category-dunya1","category-haberler-arap-uluslararasi-politika","category-son-haberler"],"_links":{"self":[{"href":"https:\/\/archive.sana.sy\/tr\/index.php?rest_route=\/wp\/v2\/posts\/193406","targetHints":{"allow":["GET"]}}],"collection":[{"href":"https:\/\/archive.sana.sy\/tr\/index.php?rest_route=\/wp\/v2\/posts"}],"about":[{"href":"https:\/\/archive.sana.sy\/tr\/index.php?rest_route=\/wp\/v2\/types\/post"}],"author":[{"embeddable":true,"href":"https:\/\/archive.sana.sy\/tr\/index.php?rest_route=\/wp\/v2\/users\/1"}],"replies":[{"embeddable":true,"href":"https:\/\/archive.sana.sy\/tr\/index.php?rest_route=%2Fwp%2Fv2%2Fcomments&post=193406"}],"version-history":[{"count":0,"href":"https:\/\/archive.sana.sy\/tr\/index.php?rest_route=\/wp\/v2\/posts\/193406\/revisions"}],"wp:featuredmedia":[{"embeddable":true,"href":"https:\/\/archive.sana.sy\/tr\/index.php?rest_route=\/wp\/v2\/media\/193407"}],"wp:attachment":[{"href":"https:\/\/archive.sana.sy\/tr\/index.php?rest_route=%2Fwp%2Fv2%2Fmedia&parent=193406"}],"wp:term":[{"taxonomy":"category","embeddable":true,"href":"https:\/\/archive.sana.sy\/tr\/index.php?rest_route=%2Fwp%2Fv2%2Fcategories&post=193406"},{"taxonomy":"post_tag","embeddable":true,"href":"https:\/\/archive.sana.sy\/tr\/index.php?rest_route=%2Fwp%2Fv2%2Ftags&post=193406"}],"curies":[{"name":"wp","href":"https:\/\/api.w.org\/{rel}","templated":true}]}}