{"id":193433,"date":"2019-10-19T13:50:45","date_gmt":"2019-10-19T10:50:45","guid":{"rendered":"http:\/\/www.sana.sy\/tr\/?p=193433"},"modified":"2019-10-20T13:18:09","modified_gmt":"2019-10-20T10:18:09","slug":"turk-saldirganligi-sonucunda-yerinden-edilmis-sivillere-her-turlu-yardimlar-saglama-calismalari-suruyor","status":"publish","type":"post","link":"https:\/\/archive.sana.sy\/tr\/?p=193433","title":{"rendered":"T\u00fcrk Sald\u0131rganl\u0131\u011f\u0131 Sonucunda Yerinden Edilmi\u015f Sivillere Her T\u00fcrl\u00fc Yard\u0131mlar Sa\u011flama \u00c7al\u0131\u015fmalar\u0131na Devam Ediliyor"},"content":{"rendered":"<p>HASEKE \u2013 Suriye topraklar\u0131na y\u00f6nelik devam edilen T\u00fcrk sald\u0131rganl\u0131\u011f\u0131 Suriye\u2019nin kuzeydo\u011fusundaki s\u0131n\u0131r yak\u0131nlar\u0131 b\u00f6lgelerden ana \u015fehir merkezlerine do\u011fru tehcir edilenlerin say\u0131sn\u0131n artmas\u0131na ve insani durumlar\u0131n k\u00f6t\u00fcle\u015fmesine neden oldu.<\/p>\n<p>Sosyal \u0130\u015fler ve \u00c7al\u0131\u015fma M\u00fcd\u00fcrl\u00fc\u011f\u00fc taraf\u0131ndan yap\u0131lan istatistikler Cezire b\u00f6lgesinin \u015fehir merkezlere ula\u015fan tehcir edilenlerin say\u0131s\u0131n\u0131 165898 oldu\u011funu belirtiyor.<\/p>\n<p>Sosyal \u0130\u015fler ve \u00c7al\u0131\u015fma M\u00fcd\u00fcr\u00fc \u0130sam H\u00fcseyin SANA muhabirine yapt\u0131\u011f\u0131 a\u00e7\u0131klamada; T\u00fcrk sald\u0131rganl\u0131\u011f\u0131 sonucunda s\u0131n\u0131r yak\u0131nlardaki Rasul Ayn, Derbesiye, Amuda, Kam\u0131\u015fl\u0131, Kahtaniye, Malkiye b\u00f6lgelerden bir\u00e7ok sivillerin yerinden olduklar\u0131n\u0131 belirtirken onlar\u0131 bar\u0131nd\u0131rmak i\u00e7in Haseke ve Kam\u0131\u015fl\u0131 kentlerinde 39 merkezlerin a\u00e7\u0131ld\u0131\u011f\u0131n\u0131 belirtti.<\/p>\n<p>\u00d6te yandan K\u0131z\u0131lay \u00d6rg\u00fct\u00fc Haseke \u015eubesi M\u00fcd\u00fcr\u00fc Amer Elke SANA muhabirine a\u00e7\u0131klamada; K\u0131z\u0131lay ekiplerinin tehcir edilenlere gerekli t\u0131bbi, g\u0131da yard\u0131mlar\u0131 ve ana malzemeleri sa\u011flamak i\u00e7in yo\u011fun \u00e7al\u0131\u015fmalar\u0131n\u0131 s\u00fcrd\u00fcrd\u00fcklerini belirtti.<\/p>\n<p>Suriye K\u0131z\u0131lay \u00d6rg\u00fct\u00fc Haseke \u0130l \u015eubesinin Yard\u0131m \u0130\u015flerinden sorumlu Amar el Derri ise; yerinden edilmi\u015f ailelere yap\u0131lan yard\u0131mlar aras\u0131nda 2,572 konserve \u00fcnitesi, 5,769 \u015filte, 10,764 battaniye, 24,000 bisk\u00fcvi, 5,100 f\u0131st\u0131k ezmesi ve 166 ambulans ve 133 mobil klinik de dahil olmak \u00fczere t\u0131bbi hizmetler sa\u011fland\u0131\u011f\u0131n\u0131 belirtti.<\/p>\n<p>\u00c7eviri: P.M.<\/p>\n","protected":false},"excerpt":{"rendered":"<p>HASEKE \u2013 Suriye topraklar\u0131na y\u00f6nelik devam edilen T\u00fcrk sald\u0131rganl\u0131\u011f\u0131 Suriye\u2019nin kuzeydo\u011fusundaki s\u0131n\u0131r yak\u0131nlar\u0131 b\u00f6lgelerden ana \u015fehir merkezlerine do\u011fru tehcir edilenlerin say\u0131sn\u0131n artmas\u0131na ve insani durumlar\u0131n k\u00f6t\u00fcle\u015fmesine neden oldu. Sosyal \u0130\u015fler ve \u00c7al\u0131\u015fma M\u00fcd\u00fcrl\u00fc\u011f\u00fc taraf\u0131ndan yap\u0131lan istatistikler Cezire b\u00f6lgesinin \u015fehir merkezlere ula\u015fan tehcir edilenlerin say\u0131s\u0131n\u0131 165898 oldu\u011funu belirtiyor. Sosyal \u0130\u015fler ve \u00c7al\u0131\u015fma M\u00fcd\u00fcr\u00fc \u0130sam H\u00fcseyin SANA &hellip;<\/p>\n","protected":false},"author":1,"featured_media":193434,"comment_status":"closed","ping_status":"closed","sticky":false,"template":"","format":"standard","meta":{"footnotes":""},"categories":[479,17988,478],"tags":[],"class_list":["post-193433","post","type-post","status-publish","format-standard","has-post-thumbnail","","category-haberler-yerel","category-son-haberler","category-yerel"],"_links":{"self":[{"href":"https:\/\/archive.sana.sy\/tr\/index.php?rest_route=\/wp\/v2\/posts\/193433","targetHints":{"allow":["GET"]}}],"collection":[{"href":"https:\/\/archive.sana.sy\/tr\/index.php?rest_route=\/wp\/v2\/posts"}],"about":[{"href":"https:\/\/archive.sana.sy\/tr\/index.php?rest_route=\/wp\/v2\/types\/post"}],"author":[{"embeddable":true,"href":"https:\/\/archive.sana.sy\/tr\/index.php?rest_route=\/wp\/v2\/users\/1"}],"replies":[{"embeddable":true,"href":"https:\/\/archive.sana.sy\/tr\/index.php?rest_route=%2Fwp%2Fv2%2Fcomments&post=193433"}],"version-history":[{"count":0,"href":"https:\/\/archive.sana.sy\/tr\/index.php?rest_route=\/wp\/v2\/posts\/193433\/revisions"}],"wp:featuredmedia":[{"embeddable":true,"href":"https:\/\/archive.sana.sy\/tr\/index.php?rest_route=\/wp\/v2\/media\/193434"}],"wp:attachment":[{"href":"https:\/\/archive.sana.sy\/tr\/index.php?rest_route=%2Fwp%2Fv2%2Fmedia&parent=193433"}],"wp:term":[{"taxonomy":"category","embeddable":true,"href":"https:\/\/archive.sana.sy\/tr\/index.php?rest_route=%2Fwp%2Fv2%2Fcategories&post=193433"},{"taxonomy":"post_tag","embeddable":true,"href":"https:\/\/archive.sana.sy\/tr\/index.php?rest_route=%2Fwp%2Fv2%2Ftags&post=193433"}],"curies":[{"name":"wp","href":"https:\/\/api.w.org\/{rel}","templated":true}]}}