{"id":193437,"date":"2019-10-19T15:56:46","date_gmt":"2019-10-19T12:56:46","guid":{"rendered":"http:\/\/www.sana.sy\/tr\/?p=193437"},"modified":"2019-10-20T13:18:19","modified_gmt":"2019-10-20T10:18:19","slug":"deliller-belgeliyor-erdogan-rejimi-sivil-kamplari-bombalayarak-isid-teroristlerini-aileleriyle-birlikte-tahliye-etti","status":"publish","type":"post","link":"https:\/\/archive.sana.sy\/tr\/?p=193437","title":{"rendered":"Deliller Belgeliyor.. Erdo\u011fan Rejimi Sivil Kamplar\u0131 Bombalayarak I\u015e\u0130D Ter\u00f6ristlerini Aileleriyle Birlikte Tahliye Etti"},"content":{"rendered":"<p>RAKKA &#8211; Erdo\u011fan ile M\u00fcsl\u00fcman Karde\u015fler rejiminin oynad\u0131\u011f\u0131 rol\u00fcn Suriye ve Irak&#8217;taki hedeflerini uygulamak i\u00e7in ter\u00f6r \u00f6rg\u00fctlerini desteklemeye ve edatlar\u0131n\u0131 kullanmaya devam etti\u011fi ger\u00e7e\u011fini do\u011frulamak i\u00e7in T\u00fcrk rejimi ile ter\u00f6r \u00f6rg\u00fct\u00fc &#8220;I\u015e\u0130D&#8221; aras\u0131ndaki ili\u015fkiyi belgeleyen yeni deliller.<\/p>\n<p><a href=\"http:\/\/www.sana.sy\/tr\/wp-content\/uploads\/2019\/10\/6-133.jpg\"><img loading=\"lazy\" decoding=\"async\" class=\"alignright size-medium wp-image-193439\" src=\"http:\/\/www.sana.sy\/tr\/wp-content\/uploads\/2019\/10\/6-133-300x148.jpg\" alt=\"\" width=\"300\" height=\"148\" srcset=\"https:\/\/archive.sana.sy\/tr\/wp-content\/uploads\/2019\/10\/6-133-300x148.jpg 300w, https:\/\/archive.sana.sy\/tr\/wp-content\/uploads\/2019\/10\/6-133-150x74.jpg 150w, https:\/\/archive.sana.sy\/tr\/wp-content\/uploads\/2019\/10\/6-133.jpg 660w\" sizes=\"auto, (max-width: 300px) 100vw, 300px\" \/><\/a>Yerel kaynaklar, T\u00fcrk rejim kuvvetlerinin Suriye topraklar\u0131na sald\u0131r\u0131lar\u0131 s\u0131ras\u0131nda, ABD i\u015fgal kuvvetleri ve m\u00fcttefik gruplar\u0131n kurdu\u011fu birka\u00e7 kampta y\u00fczlerce I\u015e\u0130D ter\u00f6risti ve ailelerinden de binlerce ki\u015fiyle do\u011frudan koordinasyon i\u00e7inde oldu\u011funu ortaya \u00e7\u0131kard\u0131.<\/p>\n<p>Binlerce sivil ve y\u00fczlerce I\u015e\u0130D ter\u00f6risti ve ailesini i\u00e7eren kuzeybat\u0131 Rakka k\u0131rsal\u0131ndaki Ayn \u0130sa m\u00fclteci kamp\u0131 g\u00f6zlemcilerinden biri, Suriye topraklar\u0131na y\u00f6nelik T\u00fcrk sald\u0131r\u0131s\u0131n\u0131n ba\u015flad\u0131\u011f\u0131 s\u0131rada, Erdo\u011fan rejiminin kamp\u0131n sivil kesimdeki hedefini bombalad\u0131\u011f\u0131n\u0131 I\u015e\u0130D ter\u00f6ristlerine ayr\u0131lan b\u00f6l\u00fcm\u00fc ise hedef almad\u0131\u011f\u0131n\u0131 bilakis kendi g\u00fc\u00e7leri ve kiral\u0131klar\u0131n\u0131n egemenli\u011fi alt\u0131ndaki b\u00f6lgelere ka\u00e7\u0131r\u0131lmalar\u0131 hedefiyle onlarla ileti\u015fime ge\u00e7tiklerini s\u00f6yledi.<\/p>\n<p>Ter\u00f6r\u00fcn beldelerinden Ayn \u0130sa kamp\u0131na tehcir edilmelerine sebebiyet olan binlerce sivil bug\u00fcn T\u00fcrk slad\u0131rganl\u0131\u011f\u0131ndan sonra yeniden tehcir edildi.<\/p>\n<p>SANA kameras\u0131, T\u00fcrk sald\u0131rgan u\u00e7aklar\u0131 taraf\u0131ndan y\u0131k\u0131lan veya y\u0131k\u0131lmadan \u00f6nce siviller taraf\u0131ndan b\u0131rak\u0131lan onlarca \u00e7ad\u0131r\u0131 g\u00f6r\u00fcnt\u00fclerken Erdo\u011fan rejimi &#8220;I\u015e\u0130D&#8221; \u00f6rg\u00fct\u00fc ter\u00f6ristlerini kurtarmak i\u00e7in h\u0131zl\u0131 ad\u0131mlar at\u0131yor.<\/p>\n<p>G\u00f6zlemci, I\u015e\u0130D&#8217;lilerin ve ailelerinin T\u00fcrk rejimi, kiral\u0131klar\u0131 ve belki de ABD&#8217;den ba\u015fka kimsenin bilmedi\u011fi taraflara g\u00f6t\u00fcr\u00fcld\u00fcklerini s\u00f6yl\u00fcyor.<\/p>\n<p><a href=\"http:\/\/www.sana.sy\/tr\/wp-content\/uploads\/2019\/10\/7-101.jpg\"><img loading=\"lazy\" decoding=\"async\" class=\"alignright size-medium wp-image-193440\" src=\"http:\/\/www.sana.sy\/tr\/wp-content\/uploads\/2019\/10\/7-101-300x148.jpg\" alt=\"\" width=\"300\" height=\"148\" srcset=\"https:\/\/archive.sana.sy\/tr\/wp-content\/uploads\/2019\/10\/7-101-300x148.jpg 300w, https:\/\/archive.sana.sy\/tr\/wp-content\/uploads\/2019\/10\/7-101-150x74.jpg 150w, https:\/\/archive.sana.sy\/tr\/wp-content\/uploads\/2019\/10\/7-101.jpg 660w\" sizes=\"auto, (max-width: 300px) 100vw, 300px\" \/><\/a>Haseke ilinden medya raporlar\u0131, ABD i\u015fgal kuvvetlerinin, Suriye topraklar\u0131na y\u00f6nelik T\u00fcrk sald\u0131rganl\u0131\u011f\u0131ndan bu yana I\u015e\u0130D liderleri ve lider e\u015flerinden yakla\u015f\u0131k 1000 ki\u015finin Suriye topraklar\u0131ndan Irak&#8217;a b\u00f6l\u00fcmler halinde aktard\u0131klar\u0131n\u0131 ifade etti.<\/p>\n<p>Sosyal medyada son olarak yay\u0131nlanan bir videoda, Erdo\u011fan rejimi ile I\u015e\u0130D ter\u00f6r \u00f6rg\u00fct\u00fc aras\u0131ndaki i\u015fbirli\u011finin hacmini ortaya \u00e7\u0131kar\u0131rken, Erdo\u011fan&#8217;\u0131n kuvvetleri e\u015fli\u011finde baz\u0131 I\u015e\u0130D ter\u00f6ristinin Suriye topraklar\u0131na sald\u0131ran Erdo\u011fan kuvvetleri ve kiral\u0131klar\u0131 e\u015fli\u011finde Osmanl\u0131 &#8220;halifesi&#8221;nin \u00a0askerleri olarak kendini g\u00f6sterdikleri video g\u00f6r\u00fcnt\u00fcs\u00fc yay\u0131ld\u0131.<\/p>\n<p>T\u00fcrk rejiminin ter\u00f6r \u00f6rg\u00fctleri ile koordinasyonu yeni de\u011fil, T\u00fcrkiye s\u0131n\u0131r\u0131, binlerce paral\u0131 ter\u00f6ristin silahlar\u0131yla birlikte ge\u00e7it te\u015fkil etti\u011fini Erdo\u011fan rejiminin kendilerine Suriye devletiyle sava\u015fmalar\u0131 i\u00e7in s\u0131n\u0131r yak\u0131nlar\u0131nda e\u011fitim kamplar\u0131 kurdu ve d\u00fcnya medya organlar\u0131 bu durumu belgeledi.<\/p>\n<p>\u00c7eviri: S.\u015eahut<\/p>\n<div id='gallery-1' class='gallery galleryid-193437 gallery-columns-4 gallery-size-full'><figure class='gallery-item'>\n\t\t\t<div class='gallery-icon landscape'>\n\t\t\t\t<a href='https:\/\/archive.sana.sy\/tr\/wp-content\/uploads\/2019\/10\/4-166.jpg'><img loading=\"lazy\" decoding=\"async\" width=\"660\" height=\"325\" src=\"https:\/\/archive.sana.sy\/tr\/wp-content\/uploads\/2019\/10\/4-166.jpg\" class=\"attachment-full size-full\" alt=\"\" srcset=\"https:\/\/archive.sana.sy\/tr\/wp-content\/uploads\/2019\/10\/4-166.jpg 660w, https:\/\/archive.sana.sy\/tr\/wp-content\/uploads\/2019\/10\/4-166-150x74.jpg 150w, https:\/\/archive.sana.sy\/tr\/wp-content\/uploads\/2019\/10\/4-166-300x148.jpg 300w\" sizes=\"auto, (max-width: 660px) 100vw, 660px\" \/><\/a>\n\t\t\t<\/div><\/figure><figure class='gallery-item'>\n\t\t\t<div class='gallery-icon landscape'>\n\t\t\t\t<a href='https:\/\/archive.sana.sy\/tr\/wp-content\/uploads\/2019\/10\/5-161.jpg'><img loading=\"lazy\" decoding=\"async\" width=\"660\" height=\"325\" src=\"https:\/\/archive.sana.sy\/tr\/wp-content\/uploads\/2019\/10\/5-161.jpg\" class=\"attachment-full size-full\" alt=\"\" srcset=\"https:\/\/archive.sana.sy\/tr\/wp-content\/uploads\/2019\/10\/5-161.jpg 660w, https:\/\/archive.sana.sy\/tr\/wp-content\/uploads\/2019\/10\/5-161-150x74.jpg 150w, https:\/\/archive.sana.sy\/tr\/wp-content\/uploads\/2019\/10\/5-161-300x148.jpg 300w\" sizes=\"auto, (max-width: 660px) 100vw, 660px\" \/><\/a>\n\t\t\t<\/div><\/figure><figure class='gallery-item'>\n\t\t\t<div class='gallery-icon landscape'>\n\t\t\t\t<a href='https:\/\/archive.sana.sy\/tr\/wp-content\/uploads\/2019\/10\/8-92.jpg'><img loading=\"lazy\" decoding=\"async\" width=\"660\" height=\"325\" src=\"https:\/\/archive.sana.sy\/tr\/wp-content\/uploads\/2019\/10\/8-92.jpg\" class=\"attachment-full size-full\" alt=\"\" srcset=\"https:\/\/archive.sana.sy\/tr\/wp-content\/uploads\/2019\/10\/8-92.jpg 660w, https:\/\/archive.sana.sy\/tr\/wp-content\/uploads\/2019\/10\/8-92-150x74.jpg 150w, https:\/\/archive.sana.sy\/tr\/wp-content\/uploads\/2019\/10\/8-92-300x148.jpg 300w\" sizes=\"auto, (max-width: 660px) 100vw, 660px\" \/><\/a>\n\t\t\t<\/div><\/figure><figure class='gallery-item'>\n\t\t\t<div class='gallery-icon landscape'>\n\t\t\t\t<a href='https:\/\/archive.sana.sy\/tr\/wp-content\/uploads\/2019\/10\/9-75.jpg'><img loading=\"lazy\" decoding=\"async\" width=\"660\" height=\"325\" src=\"https:\/\/archive.sana.sy\/tr\/wp-content\/uploads\/2019\/10\/9-75.jpg\" class=\"attachment-full size-full\" alt=\"\" srcset=\"https:\/\/archive.sana.sy\/tr\/wp-content\/uploads\/2019\/10\/9-75.jpg 660w, https:\/\/archive.sana.sy\/tr\/wp-content\/uploads\/2019\/10\/9-75-150x74.jpg 150w, https:\/\/archive.sana.sy\/tr\/wp-content\/uploads\/2019\/10\/9-75-300x148.jpg 300w\" sizes=\"auto, (max-width: 660px) 100vw, 660px\" \/><\/a>\n\t\t\t<\/div><\/figure>\n\t\t<\/div>\n\n","protected":false},"excerpt":{"rendered":"<p>RAKKA &#8211; Erdo\u011fan ile M\u00fcsl\u00fcman Karde\u015fler rejiminin oynad\u0131\u011f\u0131 rol\u00fcn Suriye ve Irak&#8217;taki hedeflerini uygulamak i\u00e7in ter\u00f6r \u00f6rg\u00fctlerini desteklemeye ve edatlar\u0131n\u0131 kullanmaya devam etti\u011fi ger\u00e7e\u011fini do\u011frulamak i\u00e7in T\u00fcrk rejimi ile ter\u00f6r \u00f6rg\u00fct\u00fc &#8220;I\u015e\u0130D&#8221; aras\u0131ndaki ili\u015fkiyi belgeleyen yeni deliller. Yerel kaynaklar, T\u00fcrk rejim kuvvetlerinin Suriye topraklar\u0131na sald\u0131r\u0131lar\u0131 s\u0131ras\u0131nda, ABD i\u015fgal kuvvetleri ve m\u00fcttefik gruplar\u0131n kurdu\u011fu birka\u00e7 kampta &hellip;<\/p>\n","protected":false},"author":1,"featured_media":193438,"comment_status":"closed","ping_status":"closed","sticky":false,"template":"","format":"standard","meta":{"footnotes":""},"categories":[596,575,17988,2554,2555],"tags":[],"class_list":["post-193437","post","type-post","status-publish","format-standard","has-post-thumbnail","","category-fotografli-raporlar","category-olaylar-ve-gercekler","category-son-haberler","category-suriye-ve-dunya","category-suriye-ve-turkiye"],"_links":{"self":[{"href":"https:\/\/archive.sana.sy\/tr\/index.php?rest_route=\/wp\/v2\/posts\/193437","targetHints":{"allow":["GET"]}}],"collection":[{"href":"https:\/\/archive.sana.sy\/tr\/index.php?rest_route=\/wp\/v2\/posts"}],"about":[{"href":"https:\/\/archive.sana.sy\/tr\/index.php?rest_route=\/wp\/v2\/types\/post"}],"author":[{"embeddable":true,"href":"https:\/\/archive.sana.sy\/tr\/index.php?rest_route=\/wp\/v2\/users\/1"}],"replies":[{"embeddable":true,"href":"https:\/\/archive.sana.sy\/tr\/index.php?rest_route=%2Fwp%2Fv2%2Fcomments&post=193437"}],"version-history":[{"count":0,"href":"https:\/\/archive.sana.sy\/tr\/index.php?rest_route=\/wp\/v2\/posts\/193437\/revisions"}],"wp:featuredmedia":[{"embeddable":true,"href":"https:\/\/archive.sana.sy\/tr\/index.php?rest_route=\/wp\/v2\/media\/193438"}],"wp:attachment":[{"href":"https:\/\/archive.sana.sy\/tr\/index.php?rest_route=%2Fwp%2Fv2%2Fmedia&parent=193437"}],"wp:term":[{"taxonomy":"category","embeddable":true,"href":"https:\/\/archive.sana.sy\/tr\/index.php?rest_route=%2Fwp%2Fv2%2Fcategories&post=193437"},{"taxonomy":"post_tag","embeddable":true,"href":"https:\/\/archive.sana.sy\/tr\/index.php?rest_route=%2Fwp%2Fv2%2Ftags&post=193437"}],"curies":[{"name":"wp","href":"https:\/\/api.w.org\/{rel}","templated":true}]}}