{"id":193455,"date":"2019-10-19T20:14:57","date_gmt":"2019-10-19T17:14:57","guid":{"rendered":"http:\/\/www.sana.sy\/tr\/?p=193455"},"modified":"2019-10-21T13:47:46","modified_gmt":"2019-10-21T10:47:46","slug":"suriye-arap-ordusu-yelda-sarayina-girerek-tel-temr-el-ahras-eksenindeki-noktalarini-sabitlestirdi","status":"publish","type":"post","link":"https:\/\/archive.sana.sy\/tr\/?p=193455","title":{"rendered":"Ordu Yelda Saray\u0131na Girerek Tel Temr-el Ahras Eksenindeki Noktalar\u0131n\u0131 Sabitle\u015ftirdi"},"content":{"rendered":"<p>HASEKE \u2013 Suriye Arap Ordu birlikleri Haseke k\u0131rsal\u0131 baz\u0131 k\u00f6y ve beldelerindeki konu\u015flanma eylemini s\u00fcrd\u00fcr\u00fcrken bug\u00fcn de Tel Temr Beldesinin kuzeybat\u0131s\u0131ndaki Yelda Saray\u0131na girdi, kentin kuzeybat\u0131 k\u0131rsal\u0131ndaki Tel Temr-El Ahras eksenindeki noktalar\u0131n\u0131 sabitle\u015ftirdi.<\/p>\n<p>SANA muhabiri, ordu birliklerimizin, Amerikan i\u015fgal kuvvetlerinin \u00fcs olarak ald\u0131\u011f\u0131 Tel Temr beldesinin kuzey bat\u0131s\u0131ndaki Yelda Saray\u0131nda konu\u015flan\u0131rken, Haseke kuzey bat\u0131 k\u0131rsal\u0131ndaki Tel Temr \u2013 El Ahras eksenindeki noktalar\u0131n\u0131 sabitle\u015ftirdi\u011fini s\u00f6yledi.<\/p>\n<p>Ordu birlikleri d\u00fcn ise, Tel Temr beldesinin bat\u0131 k\u0131rsal\u0131ndaki el Salmas, Um el Hayr ve \u011e\u0131rnata K\u00f6ylerinde konu\u015flanm\u0131\u015f, girer girmez de noktalar\u0131n\u0131 sabitle\u015ftirmi\u015f, kent k\u0131rsal\u0131n\u0131n t\u00fcm\u00fcndeki konu\u015flanma ve Suriye topraklar\u0131na y\u00f6nelik T\u00fcrk sald\u0131rganl\u0131\u011f\u0131na kar\u015f\u0131 koymak i\u00e7in \u00e7al\u0131\u015fmalar\u0131n\u0131 s\u00fcrd\u00fcrm\u00fc\u015ft\u00fc.<\/p>\n<p>Suriye Arap Ordusu 13 Ekimden\u00a0 bu yana Haseke k\u0131rsal\u0131ndaki Tel Temr Be\u015fdesi, A\u011fibe\u015f silolar\u0131, Halep kuzey do\u011fu k\u0131rsal\u0131ndaki Menbi\u00e7 ve Ayn el Arab, Rakka k\u0131rsal\u0131nda ise Ayn \u0130sa, Tabaka kenti ve Tabaka askeri havaalan\u0131na girdi.<\/p>\n<p><span style=\"color: #0000ff;\">Ordu Tel Temr \u2013El Ehraas Eksenindeki Noktalar\u0131n\u0131 Sabitledi<\/span><\/p>\n<div id='gallery-1' class='gallery galleryid-193455 gallery-columns-1 gallery-size-full'><figure class='gallery-item'>\n\t\t\t<div class='gallery-icon landscape'>\n\t\t\t\t<a href='https:\/\/archive.sana.sy\/tr\/wp-content\/uploads\/2019\/10\/3-3.jpg'><img loading=\"lazy\" decoding=\"async\" width=\"660\" height=\"371\" src=\"https:\/\/archive.sana.sy\/tr\/wp-content\/uploads\/2019\/10\/3-3.jpg\" class=\"attachment-full size-full\" alt=\"\" srcset=\"https:\/\/archive.sana.sy\/tr\/wp-content\/uploads\/2019\/10\/3-3.jpg 660w, https:\/\/archive.sana.sy\/tr\/wp-content\/uploads\/2019\/10\/3-3-150x84.jpg 150w, https:\/\/archive.sana.sy\/tr\/wp-content\/uploads\/2019\/10\/3-3-300x169.jpg 300w\" sizes=\"auto, (max-width: 660px) 100vw, 660px\" \/><\/a>\n\t\t\t<\/div><\/figure><figure class='gallery-item'>\n\t\t\t<div class='gallery-icon landscape'>\n\t\t\t\t<a href='https:\/\/archive.sana.sy\/tr\/wp-content\/uploads\/2019\/10\/2-6.jpg'><img loading=\"lazy\" decoding=\"async\" width=\"660\" height=\"371\" src=\"https:\/\/archive.sana.sy\/tr\/wp-content\/uploads\/2019\/10\/2-6.jpg\" class=\"attachment-full size-full\" alt=\"\" srcset=\"https:\/\/archive.sana.sy\/tr\/wp-content\/uploads\/2019\/10\/2-6.jpg 660w, https:\/\/archive.sana.sy\/tr\/wp-content\/uploads\/2019\/10\/2-6-150x84.jpg 150w, https:\/\/archive.sana.sy\/tr\/wp-content\/uploads\/2019\/10\/2-6-300x169.jpg 300w\" sizes=\"auto, (max-width: 660px) 100vw, 660px\" \/><\/a>\n\t\t\t<\/div><\/figure><figure class='gallery-item'>\n\t\t\t<div class='gallery-icon landscape'>\n\t\t\t\t<a href='https:\/\/archive.sana.sy\/tr\/wp-content\/uploads\/2019\/10\/1-5.jpg'><img loading=\"lazy\" decoding=\"async\" width=\"660\" height=\"371\" src=\"https:\/\/archive.sana.sy\/tr\/wp-content\/uploads\/2019\/10\/1-5.jpg\" class=\"attachment-full size-full\" alt=\"\" srcset=\"https:\/\/archive.sana.sy\/tr\/wp-content\/uploads\/2019\/10\/1-5.jpg 660w, https:\/\/archive.sana.sy\/tr\/wp-content\/uploads\/2019\/10\/1-5-150x84.jpg 150w, https:\/\/archive.sana.sy\/tr\/wp-content\/uploads\/2019\/10\/1-5-300x169.jpg 300w\" sizes=\"auto, (max-width: 660px) 100vw, 660px\" \/><\/a>\n\t\t\t<\/div><\/figure>\n\t\t<\/div>\n\n<p><span style=\"color: #0000ff;\">Ordu Birlikleri Yelda Saray\u0131nda Konu\u015flan\u0131yor<\/span><\/p>\n<div id='gallery-2' class='gallery galleryid-193455 gallery-columns-1 gallery-size-large'><figure class='gallery-item'>\n\t\t\t<div class='gallery-icon landscape'>\n\t\t\t\t<a href='https:\/\/archive.sana.sy\/tr\/wp-content\/uploads\/2019\/10\/4-1.jpg'><img loading=\"lazy\" decoding=\"async\" width=\"618\" height=\"360\" src=\"https:\/\/archive.sana.sy\/tr\/wp-content\/uploads\/2019\/10\/4-1.jpg\" class=\"attachment-large size-large\" alt=\"\" srcset=\"https:\/\/archive.sana.sy\/tr\/wp-content\/uploads\/2019\/10\/4-1.jpg 660w, https:\/\/archive.sana.sy\/tr\/wp-content\/uploads\/2019\/10\/4-1-150x87.jpg 150w, https:\/\/archive.sana.sy\/tr\/wp-content\/uploads\/2019\/10\/4-1-300x175.jpg 300w\" sizes=\"auto, (max-width: 618px) 100vw, 618px\" \/><\/a>\n\t\t\t<\/div><\/figure><figure class='gallery-item'>\n\t\t\t<div class='gallery-icon landscape'>\n\t\t\t\t<a href='https:\/\/archive.sana.sy\/tr\/wp-content\/uploads\/2019\/10\/3-4.jpg'><img loading=\"lazy\" decoding=\"async\" width=\"618\" height=\"347\" src=\"https:\/\/archive.sana.sy\/tr\/wp-content\/uploads\/2019\/10\/3-4.jpg\" class=\"attachment-large size-large\" alt=\"\" srcset=\"https:\/\/archive.sana.sy\/tr\/wp-content\/uploads\/2019\/10\/3-4.jpg 660w, https:\/\/archive.sana.sy\/tr\/wp-content\/uploads\/2019\/10\/3-4-150x84.jpg 150w, https:\/\/archive.sana.sy\/tr\/wp-content\/uploads\/2019\/10\/3-4-300x169.jpg 300w\" sizes=\"auto, (max-width: 618px) 100vw, 618px\" \/><\/a>\n\t\t\t<\/div><\/figure><figure class='gallery-item'>\n\t\t\t<div class='gallery-icon landscape'>\n\t\t\t\t<a href='https:\/\/archive.sana.sy\/tr\/wp-content\/uploads\/2019\/10\/2-7.jpg'><img loading=\"lazy\" decoding=\"async\" width=\"618\" height=\"347\" src=\"https:\/\/archive.sana.sy\/tr\/wp-content\/uploads\/2019\/10\/2-7.jpg\" class=\"attachment-large size-large\" alt=\"\" srcset=\"https:\/\/archive.sana.sy\/tr\/wp-content\/uploads\/2019\/10\/2-7.jpg 660w, https:\/\/archive.sana.sy\/tr\/wp-content\/uploads\/2019\/10\/2-7-150x84.jpg 150w, https:\/\/archive.sana.sy\/tr\/wp-content\/uploads\/2019\/10\/2-7-300x169.jpg 300w\" sizes=\"auto, (max-width: 618px) 100vw, 618px\" \/><\/a>\n\t\t\t<\/div><\/figure><figure class='gallery-item'>\n\t\t\t<div class='gallery-icon landscape'>\n\t\t\t\t<a href='https:\/\/archive.sana.sy\/tr\/wp-content\/uploads\/2019\/10\/1-7.jpg'><img loading=\"lazy\" decoding=\"async\" width=\"618\" height=\"346\" src=\"https:\/\/archive.sana.sy\/tr\/wp-content\/uploads\/2019\/10\/1-7.jpg\" class=\"attachment-large size-large\" alt=\"\" srcset=\"https:\/\/archive.sana.sy\/tr\/wp-content\/uploads\/2019\/10\/1-7.jpg 660w, https:\/\/archive.sana.sy\/tr\/wp-content\/uploads\/2019\/10\/1-7-150x84.jpg 150w, https:\/\/archive.sana.sy\/tr\/wp-content\/uploads\/2019\/10\/1-7-300x168.jpg 300w\" sizes=\"auto, (max-width: 618px) 100vw, 618px\" \/><\/a>\n\t\t\t<\/div><\/figure><figure class='gallery-item'>\n\t\t\t<div class='gallery-icon landscape'>\n\t\t\t\t<a href='https:\/\/archive.sana.sy\/tr\/wp-content\/uploads\/2019\/10\/5-2.jpg'><img loading=\"lazy\" decoding=\"async\" width=\"618\" height=\"347\" src=\"https:\/\/archive.sana.sy\/tr\/wp-content\/uploads\/2019\/10\/5-2.jpg\" class=\"attachment-large size-large\" alt=\"\" srcset=\"https:\/\/archive.sana.sy\/tr\/wp-content\/uploads\/2019\/10\/5-2.jpg 660w, https:\/\/archive.sana.sy\/tr\/wp-content\/uploads\/2019\/10\/5-2-150x84.jpg 150w, https:\/\/archive.sana.sy\/tr\/wp-content\/uploads\/2019\/10\/5-2-300x169.jpg 300w\" sizes=\"auto, (max-width: 618px) 100vw, 618px\" \/><\/a>\n\t\t\t<\/div><\/figure>\n\t\t<\/div>\n\n","protected":false},"excerpt":{"rendered":"<p>HASEKE \u2013 Suriye Arap Ordu birlikleri Haseke k\u0131rsal\u0131 baz\u0131 k\u00f6y ve beldelerindeki konu\u015flanma eylemini s\u00fcrd\u00fcr\u00fcrken bug\u00fcn de Tel Temr Beldesinin kuzeybat\u0131s\u0131ndaki Yelda Saray\u0131na girdi, kentin kuzeybat\u0131 k\u0131rsal\u0131ndaki Tel Temr-El Ahras eksenindeki noktalar\u0131n\u0131 sabitle\u015ftirdi. SANA muhabiri, ordu birliklerimizin, Amerikan i\u015fgal kuvvetlerinin \u00fcs olarak ald\u0131\u011f\u0131 Tel Temr beldesinin kuzey bat\u0131s\u0131ndaki Yelda Saray\u0131nda konu\u015flan\u0131rken, Haseke kuzey bat\u0131 k\u0131rsal\u0131ndaki &hellip;<\/p>\n","protected":false},"author":1,"featured_media":193456,"comment_status":"closed","ping_status":"closed","sticky":false,"template":"","format":"standard","meta":{"footnotes":""},"categories":[596,479,575,17988,478],"tags":[],"class_list":["post-193455","post","type-post","status-publish","format-standard","has-post-thumbnail","","category-fotografli-raporlar","category-haberler-yerel","category-olaylar-ve-gercekler","category-son-haberler","category-yerel"],"_links":{"self":[{"href":"https:\/\/archive.sana.sy\/tr\/index.php?rest_route=\/wp\/v2\/posts\/193455","targetHints":{"allow":["GET"]}}],"collection":[{"href":"https:\/\/archive.sana.sy\/tr\/index.php?rest_route=\/wp\/v2\/posts"}],"about":[{"href":"https:\/\/archive.sana.sy\/tr\/index.php?rest_route=\/wp\/v2\/types\/post"}],"author":[{"embeddable":true,"href":"https:\/\/archive.sana.sy\/tr\/index.php?rest_route=\/wp\/v2\/users\/1"}],"replies":[{"embeddable":true,"href":"https:\/\/archive.sana.sy\/tr\/index.php?rest_route=%2Fwp%2Fv2%2Fcomments&post=193455"}],"version-history":[{"count":0,"href":"https:\/\/archive.sana.sy\/tr\/index.php?rest_route=\/wp\/v2\/posts\/193455\/revisions"}],"wp:featuredmedia":[{"embeddable":true,"href":"https:\/\/archive.sana.sy\/tr\/index.php?rest_route=\/wp\/v2\/media\/193456"}],"wp:attachment":[{"href":"https:\/\/archive.sana.sy\/tr\/index.php?rest_route=%2Fwp%2Fv2%2Fmedia&parent=193455"}],"wp:term":[{"taxonomy":"category","embeddable":true,"href":"https:\/\/archive.sana.sy\/tr\/index.php?rest_route=%2Fwp%2Fv2%2Fcategories&post=193455"},{"taxonomy":"post_tag","embeddable":true,"href":"https:\/\/archive.sana.sy\/tr\/index.php?rest_route=%2Fwp%2Fv2%2Ftags&post=193455"}],"curies":[{"name":"wp","href":"https:\/\/api.w.org\/{rel}","templated":true}]}}