{"id":193477,"date":"2019-10-20T12:57:06","date_gmt":"2019-10-20T09:57:06","guid":{"rendered":"http:\/\/www.sana.sy\/tr\/?p=193477"},"modified":"2019-10-21T15:10:29","modified_gmt":"2019-10-21T12:10:29","slug":"lubnandaki-gosteriler-devam-ediliyor","status":"publish","type":"post","link":"https:\/\/archive.sana.sy\/tr\/?p=193477","title":{"rendered":"L\u00fcbnan&#8217;da Protesto G\u00f6sterileri ve Yol Kesmeler S\u00fcr\u00fcyor"},"content":{"rendered":"<p>BEYRUT \u2013 L\u00fcbnan\u2019\u0131n farkl\u0131 b\u00f6lgelerinde ba\u015flayan protesto g\u00f6sterileri 4. g\u00fcnde olarak devam edilirken protestocular taraf\u0131ndan Beyrut\u2019taki Riyad el Sulh ve \u015euheda meydanlar\u0131nda, Trablus\u2019ta ise Nur Meydan\u0131nda \u00e7ad\u0131rlar kurdu.<\/p>\n<p>L\u00fcbnanl\u0131 Genel G\u00fcvenlik M\u00fcd\u00fcrl\u00fc\u011f\u00fc a\u00e7\u0131klamada; L\u00fcbnan\u2019\u0131n Metn \u015eemali, J\u00fcniye, Trablus, Seyda, Nabatiye ve Bekaa b\u00f6lgelerinde protestolardan dolay\u0131 bir\u00e7ok anayolunun kesildi\u011fini belirtti.<\/p>\n<p>L\u00fcbnanl\u0131 Bankalar Kurulu ise, g\u00fcvenlik durumlarla ilgili bankalar\u0131n yar\u0131n da kapal\u0131 olacaklar\u0131n\u0131 a\u00e7\u0131klad\u0131.<\/p>\n<p>\u00c7eviri: P.M.<\/p>\n","protected":false},"excerpt":{"rendered":"<p>BEYRUT \u2013 L\u00fcbnan\u2019\u0131n farkl\u0131 b\u00f6lgelerinde ba\u015flayan protesto g\u00f6sterileri 4. g\u00fcnde olarak devam edilirken protestocular taraf\u0131ndan Beyrut\u2019taki Riyad el Sulh ve \u015euheda meydanlar\u0131nda, Trablus\u2019ta ise Nur Meydan\u0131nda \u00e7ad\u0131rlar kurdu. L\u00fcbnanl\u0131 Genel G\u00fcvenlik M\u00fcd\u00fcrl\u00fc\u011f\u00fc a\u00e7\u0131klamada; L\u00fcbnan\u2019\u0131n Metn \u015eemali, J\u00fcniye, Trablus, Seyda, Nabatiye ve Bekaa b\u00f6lgelerinde protestolardan dolay\u0131 bir\u00e7ok anayolunun kesildi\u011fini belirtti. L\u00fcbnanl\u0131 Bankalar Kurulu ise, g\u00fcvenlik durumlarla &hellip;<\/p>\n","protected":false},"author":1,"featured_media":193478,"comment_status":"closed","ping_status":"closed","sticky":false,"template":"","format":"standard","meta":{"footnotes":""},"categories":[458,459,17988],"tags":[],"class_list":["post-193477","post","type-post","status-publish","format-standard","has-post-thumbnail","","category-dunya1","category-haberler-arap-uluslararasi-politika","category-son-haberler"],"_links":{"self":[{"href":"https:\/\/archive.sana.sy\/tr\/index.php?rest_route=\/wp\/v2\/posts\/193477","targetHints":{"allow":["GET"]}}],"collection":[{"href":"https:\/\/archive.sana.sy\/tr\/index.php?rest_route=\/wp\/v2\/posts"}],"about":[{"href":"https:\/\/archive.sana.sy\/tr\/index.php?rest_route=\/wp\/v2\/types\/post"}],"author":[{"embeddable":true,"href":"https:\/\/archive.sana.sy\/tr\/index.php?rest_route=\/wp\/v2\/users\/1"}],"replies":[{"embeddable":true,"href":"https:\/\/archive.sana.sy\/tr\/index.php?rest_route=%2Fwp%2Fv2%2Fcomments&post=193477"}],"version-history":[{"count":0,"href":"https:\/\/archive.sana.sy\/tr\/index.php?rest_route=\/wp\/v2\/posts\/193477\/revisions"}],"wp:featuredmedia":[{"embeddable":true,"href":"https:\/\/archive.sana.sy\/tr\/index.php?rest_route=\/wp\/v2\/media\/193478"}],"wp:attachment":[{"href":"https:\/\/archive.sana.sy\/tr\/index.php?rest_route=%2Fwp%2Fv2%2Fmedia&parent=193477"}],"wp:term":[{"taxonomy":"category","embeddable":true,"href":"https:\/\/archive.sana.sy\/tr\/index.php?rest_route=%2Fwp%2Fv2%2Fcategories&post=193477"},{"taxonomy":"post_tag","embeddable":true,"href":"https:\/\/archive.sana.sy\/tr\/index.php?rest_route=%2Fwp%2Fv2%2Ftags&post=193477"}],"curies":[{"name":"wp","href":"https:\/\/api.w.org\/{rel}","templated":true}]}}