{"id":193514,"date":"2019-10-20T13:10:37","date_gmt":"2019-10-20T10:10:37","guid":{"rendered":"http:\/\/www.sana.sy\/tr\/?p=193514"},"modified":"2019-10-21T15:10:36","modified_gmt":"2019-10-21T12:10:36","slug":"pekindeki-askeri-olimpiyatlarin-at-binme-yarismalarda-bronz-madalyayi-kazandi","status":"publish","type":"post","link":"https:\/\/archive.sana.sy\/tr\/?p=193514","title":{"rendered":"Pekin&#8217;deki Askeri Olimpiyatlar\u0131n At Binme Yar\u0131\u015fmalarda Bronz Madalyay\u0131 Kazand\u0131"},"content":{"rendered":"<p>PEK\u0130N \u2013 Suriyeli at binicisi Humam \u015eihab \u00c7in\u2019de d\u00fczenlenen Askeri Olimpiyatlar Oyunlar\u0131n\u0131n ilk g\u00fcn\u00fcdeki at binme yar\u0131\u015fmalar\u0131nda bronz madalyay\u0131 kazand\u0131.<\/p>\n<p>Cey\u015f Spor klubunun ba\u015fkan\u0131 general Muhsin Abas SANA muhabirine yapt\u0131\u011f\u0131 a\u00e7\u0131klamada; 56 at binicisinin kat\u0131ld\u0131\u011f\u0131 at binme yar\u0131\u015fmalar\u0131nda g\u00fc\u00e7l\u00fc bir rekabetin yer ald\u0131\u011f\u0131n\u0131 belirtirken Suriye\u2019yi temsil eden sporcular\u0131n olimpiyatlar\u0131n di\u011fer yar\u0131\u015fmalarda \u00a0iyi neticeler kaydedeceklerine umutlar\u0131n\u0131 ifade etti.<\/p>\n<p>\u00c7eviri: P.M.<\/p>\n","protected":false},"excerpt":{"rendered":"<p>PEK\u0130N \u2013 Suriyeli at binicisi Humam \u015eihab \u00c7in\u2019de d\u00fczenlenen Askeri Olimpiyatlar Oyunlar\u0131n\u0131n ilk g\u00fcn\u00fcdeki at binme yar\u0131\u015fmalar\u0131nda bronz madalyay\u0131 kazand\u0131. Cey\u015f Spor klubunun ba\u015fkan\u0131 general Muhsin Abas SANA muhabirine yapt\u0131\u011f\u0131 a\u00e7\u0131klamada; 56 at binicisinin kat\u0131ld\u0131\u011f\u0131 at binme yar\u0131\u015fmalar\u0131nda g\u00fc\u00e7l\u00fc bir rekabetin yer ald\u0131\u011f\u0131n\u0131 belirtirken Suriye\u2019yi temsil eden sporcular\u0131n olimpiyatlar\u0131n di\u011fer yar\u0131\u015fmalarda \u00a0iyi neticeler kaydedeceklerine umutlar\u0131n\u0131 &hellip;<\/p>\n","protected":false},"author":1,"featured_media":193515,"comment_status":"closed","ping_status":"closed","sticky":false,"template":"","format":"standard","meta":{"footnotes":""},"categories":[498,17988,496],"tags":[],"class_list":["post-193514","post","type-post","status-publish","format-standard","has-post-thumbnail","","category-dunya-turnuvalari","category-son-haberler","category-spor"],"_links":{"self":[{"href":"https:\/\/archive.sana.sy\/tr\/index.php?rest_route=\/wp\/v2\/posts\/193514","targetHints":{"allow":["GET"]}}],"collection":[{"href":"https:\/\/archive.sana.sy\/tr\/index.php?rest_route=\/wp\/v2\/posts"}],"about":[{"href":"https:\/\/archive.sana.sy\/tr\/index.php?rest_route=\/wp\/v2\/types\/post"}],"author":[{"embeddable":true,"href":"https:\/\/archive.sana.sy\/tr\/index.php?rest_route=\/wp\/v2\/users\/1"}],"replies":[{"embeddable":true,"href":"https:\/\/archive.sana.sy\/tr\/index.php?rest_route=%2Fwp%2Fv2%2Fcomments&post=193514"}],"version-history":[{"count":0,"href":"https:\/\/archive.sana.sy\/tr\/index.php?rest_route=\/wp\/v2\/posts\/193514\/revisions"}],"wp:featuredmedia":[{"embeddable":true,"href":"https:\/\/archive.sana.sy\/tr\/index.php?rest_route=\/wp\/v2\/media\/193515"}],"wp:attachment":[{"href":"https:\/\/archive.sana.sy\/tr\/index.php?rest_route=%2Fwp%2Fv2%2Fmedia&parent=193514"}],"wp:term":[{"taxonomy":"category","embeddable":true,"href":"https:\/\/archive.sana.sy\/tr\/index.php?rest_route=%2Fwp%2Fv2%2Fcategories&post=193514"},{"taxonomy":"post_tag","embeddable":true,"href":"https:\/\/archive.sana.sy\/tr\/index.php?rest_route=%2Fwp%2Fv2%2Ftags&post=193514"}],"curies":[{"name":"wp","href":"https:\/\/api.w.org\/{rel}","templated":true}]}}