{"id":193517,"date":"2019-10-20T12:55:01","date_gmt":"2019-10-20T09:55:01","guid":{"rendered":"http:\/\/www.sana.sy\/tr\/?p=193517"},"modified":"2019-10-21T15:10:27","modified_gmt":"2019-10-21T12:10:27","slug":"lavrov-moskova-washington-ile-sorunlari-cozmeye-hazir","status":"publish","type":"post","link":"https:\/\/archive.sana.sy\/tr\/?p=193517","title":{"rendered":"Lavrov: Moskova Washington ile Sorunlar\u0131 \u00c7\u00f6zmeye Haz\u0131r"},"content":{"rendered":"<p>MOSKOVA &#8211; Rusya D\u0131\u015fi\u015fleri Bakan\u0131 Sergei Lavrov, Rusya ve ABD&#8217;nin normal diplomatik heyetlerinin \u00e7al\u0131\u015fmalar\u0131n\u0131 yerine getirmesi gerekti\u011fini s\u00f6yledi.<\/p>\n<p>Rusya 1 kanal\u0131n\u0131n bug\u00fcn yay\u0131nlad\u0131\u011f\u0131 r\u00f6portaj\u0131nda Lavrov, Moskova&#8217;n\u0131n ABD ile ilgili sorunlar\u0131 \u00e7\u00f6zmek ve diplomatik heyetlerin normal olarak \u00e7al\u0131\u015fmas\u0131na geri d\u00f6n\u00fclmeye her an haz\u0131r oldu\u011funu s\u00f6yledi.<\/p>\n<p>Lavrov, iki \u00fclke aras\u0131ndaki diplomatik heyetlerin \u00e7al\u0131\u015fmalar\u0131n\u0131 engelleyen problemlerin sorumlulu\u011funu Amerika&#8217;n\u0131n ba\u015fkan Barack Obama&#8217;n\u0131n eski y\u00f6netimine y\u00fcklerken bu durumu son olarak Amerika D\u0131\u015fi\u015fleri Bakan\u0131 Mike Pompeo ile ele ald\u0131\u011f\u0131na i\u015faret etti.<\/p>\n<p>\u00c7eviri: S.\u015eahut<\/p>\n","protected":false},"excerpt":{"rendered":"<p>MOSKOVA &#8211; Rusya D\u0131\u015fi\u015fleri Bakan\u0131 Sergei Lavrov, Rusya ve ABD&#8217;nin normal diplomatik heyetlerinin \u00e7al\u0131\u015fmalar\u0131n\u0131 yerine getirmesi gerekti\u011fini s\u00f6yledi. Rusya 1 kanal\u0131n\u0131n bug\u00fcn yay\u0131nlad\u0131\u011f\u0131 r\u00f6portaj\u0131nda Lavrov, Moskova&#8217;n\u0131n ABD ile ilgili sorunlar\u0131 \u00e7\u00f6zmek ve diplomatik heyetlerin normal olarak \u00e7al\u0131\u015fmas\u0131na geri d\u00f6n\u00fclmeye her an haz\u0131r oldu\u011funu s\u00f6yledi. Lavrov, iki \u00fclke aras\u0131ndaki diplomatik heyetlerin \u00e7al\u0131\u015fmalar\u0131n\u0131 engelleyen problemlerin sorumlulu\u011funu Amerika&#8217;n\u0131n &hellip;<\/p>\n","protected":false},"author":1,"featured_media":193518,"comment_status":"closed","ping_status":"closed","sticky":false,"template":"","format":"standard","meta":{"footnotes":""},"categories":[458,459,17988],"tags":[],"class_list":["post-193517","post","type-post","status-publish","format-standard","has-post-thumbnail","","category-dunya1","category-haberler-arap-uluslararasi-politika","category-son-haberler"],"_links":{"self":[{"href":"https:\/\/archive.sana.sy\/tr\/index.php?rest_route=\/wp\/v2\/posts\/193517","targetHints":{"allow":["GET"]}}],"collection":[{"href":"https:\/\/archive.sana.sy\/tr\/index.php?rest_route=\/wp\/v2\/posts"}],"about":[{"href":"https:\/\/archive.sana.sy\/tr\/index.php?rest_route=\/wp\/v2\/types\/post"}],"author":[{"embeddable":true,"href":"https:\/\/archive.sana.sy\/tr\/index.php?rest_route=\/wp\/v2\/users\/1"}],"replies":[{"embeddable":true,"href":"https:\/\/archive.sana.sy\/tr\/index.php?rest_route=%2Fwp%2Fv2%2Fcomments&post=193517"}],"version-history":[{"count":0,"href":"https:\/\/archive.sana.sy\/tr\/index.php?rest_route=\/wp\/v2\/posts\/193517\/revisions"}],"wp:featuredmedia":[{"embeddable":true,"href":"https:\/\/archive.sana.sy\/tr\/index.php?rest_route=\/wp\/v2\/media\/193518"}],"wp:attachment":[{"href":"https:\/\/archive.sana.sy\/tr\/index.php?rest_route=%2Fwp%2Fv2%2Fmedia&parent=193517"}],"wp:term":[{"taxonomy":"category","embeddable":true,"href":"https:\/\/archive.sana.sy\/tr\/index.php?rest_route=%2Fwp%2Fv2%2Fcategories&post=193517"},{"taxonomy":"post_tag","embeddable":true,"href":"https:\/\/archive.sana.sy\/tr\/index.php?rest_route=%2Fwp%2Fv2%2Ftags&post=193517"}],"curies":[{"name":"wp","href":"https:\/\/api.w.org\/{rel}","templated":true}]}}