{"id":193527,"date":"2019-10-20T18:24:35","date_gmt":"2019-10-20T15:24:35","guid":{"rendered":"http:\/\/www.sana.sy\/tr\/?p=193527"},"modified":"2019-10-21T15:09:43","modified_gmt":"2019-10-21T12:09:43","slug":"kabine-2020-yili-butcesindeki-harcama-yonelimlerini-belirledi","status":"publish","type":"post","link":"https:\/\/archive.sana.sy\/tr\/?p=193527","title":{"rendered":"Kabine 2020 Y\u0131l\u0131 B\u00fct\u00e7esindeki Harcama Y\u00f6nelimlerini Belirledi"},"content":{"rendered":"<p style=\"text-align: justify;\">\u015eAM &#8211; Bakanlar Kurulu, 2020 y\u0131l\u0131 devlet b\u00fct\u00e7esindeki harcamalar\u0131 belirledi. B\u00fct\u00e7e harcamalar\u0131, silahl\u0131 kuvvetlerimizin direncini peki\u015ftirmeye devam etmek, \u015fehitlerin ve yaral\u0131lar\u0131n ailelerini desteklemek, vatanda\u015flar\u0131n temel gereksinimlerini sa\u011flamak, ter\u00f6rden kurtar\u0131lm\u0131\u015f b\u00f6lgelerin restore edilmesine devam etmek, sosyal deste\u011fi peki\u015ftirmek yan\u0131 s\u0131ra, hizmet, e\u011fitim ve sa\u011fl\u0131k sekt\u00f6rlerini desteklemeye devam etmeyi s\u00fcrd\u00fcrmeyi i\u00e7eriyor.<\/p>\n<p style=\"text-align: justify;\">Bakanlar Kurulu&#8217;nun bug\u00fcn tart\u0131\u015ft\u0131\u011f\u0131 4 bin milyar Suriye Liral\u0131k b\u00fct\u00e7enin kanun tasla\u011f\u0131, g\u0131da g\u00fcvenli\u011fi ve sosyal ve ekonomik kalk\u0131nman\u0131n geli\u015ftirilmesi, tar\u0131m, sanayi ve el sanatlar\u0131 \u00fcretim kurumlar\u0131n\u0131n geli\u015ftirilmesi ve turizm sekt\u00f6r\u00fcn\u00fcn aktif hale getirilmesine odaklanmaya devam ederek mevcut yat\u0131r\u0131mlar\u0131n ve mevcut alanlar\u0131n iyi bir \u015fekilde y\u00f6netilmesinden ba\u015flad\u0131.<\/p>\n<p style=\"text-align: justify;\">Do\u011fu B\u00f6lgesi ile ilgili olarak Bakanlar Kurulu, Ba\u015fbakan\u00a0 \u0130mad Hamis ba\u015fkanl\u0131\u011f\u0131ndaki haftal\u0131k oturumunda, t\u00fcm bakanlardan Haseke ile Rakka ve Halep k\u0131rsallar\u0131ndaki hizmet ve kalk\u0131nsal konulara daha fazla dikkat etmelerini, vatanda\u015flara sunulan hizmetleri iyile\u015ftirmelerini ve bu alanlar i\u00e7in bir tar\u0131msal kalk\u0131nma plan\u0131 ba\u015flatmas\u0131n\u0131 istedi.<\/p>\n<p style=\"text-align: justify;\">Bir ba\u015fka konuda ise Kabine, Homs, Tartus ve Lazkiye illerindaki son yang\u0131nlar\u0131 g\u00f6r\u00fc\u015ferek bu b\u00f6lgelerin ziraat kalk\u0131nmas\u0131 plan\u0131n\u0131n ba\u015flat\u0131lmas\u0131 gere\u011fini ifade etti.<\/p>\n<p style=\"text-align: justify;\">Tar\u0131m ve Tar\u0131m Reformu Bakanl\u0131\u011f\u0131ndan, son yang\u0131nlar\u0131n neden oldu\u011fu alanlar\u0131n yeniden dikilmesi ve zarar g\u00f6renlerin zararlar\u0131n\u0131n giderilmesi i\u00e7in, zararlar\u0131 tespit etmeye \u00e7a\u011f\u0131rd\u0131.<\/p>\n<p style=\"text-align: justify;\">Kabine, Milli E\u011fitim Bakanl\u0131\u011f\u0131&#8217;n\u0131n t\u00fcm illerde k\u0131smen veya tamamen zarar g\u00f6ren okullar\u0131 restore etme plan\u0131n\u0131 kararla\u015ft\u0131rd\u0131 ve bu ama\u00e7 i\u00e7in 50 milyar Suriye Liras\u0131 ay\u0131rd\u0131. Plan\u0131n uygulanmas\u0131 ve okullar\u0131n \u00f6nceliklerine ve her ilin ihtiyac\u0131na g\u00f6re \u00e7al\u0131\u015fmaya geri d\u00f6nmeleri i\u00e7in belirli bir zaman \u00e7izelgesi belirleme gere\u011fini vurgulad\u0131.<\/p>\n<p style=\"text-align: justify;\">Kabine, illerdeki k\u00fclt\u00fcr m\u00fcd\u00fcrl\u00fcklerinin rol\u00fcn\u00fc harekete ge\u00e7irmek ve insani geli\u015fme alan\u0131nda daha etkili olmak i\u00e7in faaliyetlerini ve \u00e7e\u015fitlili\u011fini yo\u011funla\u015ft\u0131rmas\u0131 i\u00e7in K\u00fclt\u00fcr, Yerel Y\u00f6netimler ve \u00c7evre Bakanl\u0131klar\u0131 prosed\u00fcrlerini kabul etti.<\/p>\n<p>\u00c7eviri: S.\u015eahut<\/p>\n","protected":false},"excerpt":{"rendered":"<p>\u015eAM &#8211; Bakanlar Kurulu, 2020 y\u0131l\u0131 devlet b\u00fct\u00e7esindeki harcamalar\u0131 belirledi. B\u00fct\u00e7e harcamalar\u0131, silahl\u0131 kuvvetlerimizin direncini peki\u015ftirmeye devam etmek, \u015fehitlerin ve yaral\u0131lar\u0131n ailelerini desteklemek, vatanda\u015flar\u0131n temel gereksinimlerini sa\u011flamak, ter\u00f6rden kurtar\u0131lm\u0131\u015f b\u00f6lgelerin restore edilmesine devam etmek, sosyal deste\u011fi peki\u015ftirmek yan\u0131 s\u0131ra, hizmet, e\u011fitim ve sa\u011fl\u0131k sekt\u00f6rlerini desteklemeye devam etmeyi s\u00fcrd\u00fcrmeyi i\u00e7eriyor. Bakanlar Kurulu&#8217;nun bug\u00fcn tart\u0131\u015ft\u0131\u011f\u0131 4 bin &hellip;<\/p>\n","protected":false},"author":1,"featured_media":193528,"comment_status":"closed","ping_status":"closed","sticky":false,"template":"","format":"standard","meta":{"footnotes":""},"categories":[479,17988,478],"tags":[],"class_list":["post-193527","post","type-post","status-publish","format-standard","has-post-thumbnail","","category-haberler-yerel","category-son-haberler","category-yerel"],"_links":{"self":[{"href":"https:\/\/archive.sana.sy\/tr\/index.php?rest_route=\/wp\/v2\/posts\/193527","targetHints":{"allow":["GET"]}}],"collection":[{"href":"https:\/\/archive.sana.sy\/tr\/index.php?rest_route=\/wp\/v2\/posts"}],"about":[{"href":"https:\/\/archive.sana.sy\/tr\/index.php?rest_route=\/wp\/v2\/types\/post"}],"author":[{"embeddable":true,"href":"https:\/\/archive.sana.sy\/tr\/index.php?rest_route=\/wp\/v2\/users\/1"}],"replies":[{"embeddable":true,"href":"https:\/\/archive.sana.sy\/tr\/index.php?rest_route=%2Fwp%2Fv2%2Fcomments&post=193527"}],"version-history":[{"count":0,"href":"https:\/\/archive.sana.sy\/tr\/index.php?rest_route=\/wp\/v2\/posts\/193527\/revisions"}],"wp:featuredmedia":[{"embeddable":true,"href":"https:\/\/archive.sana.sy\/tr\/index.php?rest_route=\/wp\/v2\/media\/193528"}],"wp:attachment":[{"href":"https:\/\/archive.sana.sy\/tr\/index.php?rest_route=%2Fwp%2Fv2%2Fmedia&parent=193527"}],"wp:term":[{"taxonomy":"category","embeddable":true,"href":"https:\/\/archive.sana.sy\/tr\/index.php?rest_route=%2Fwp%2Fv2%2Fcategories&post=193527"},{"taxonomy":"post_tag","embeddable":true,"href":"https:\/\/archive.sana.sy\/tr\/index.php?rest_route=%2Fwp%2Fv2%2Ftags&post=193527"}],"curies":[{"name":"wp","href":"https:\/\/api.w.org\/{rel}","templated":true}]}}