{"id":193530,"date":"2019-10-20T18:33:35","date_gmt":"2019-10-20T15:33:35","guid":{"rendered":"http:\/\/www.sana.sy\/tr\/?p=193530"},"modified":"2019-10-21T15:10:49","modified_gmt":"2019-10-21T12:10:49","slug":"erdoganin-suriyeye-yonelik-politikalari-dunya-siyonizmine-hizmet-ediyor","status":"publish","type":"post","link":"https:\/\/archive.sana.sy\/tr\/?p=193530","title":{"rendered":"Erdo\u011fan&#8217;\u0131n Suriye&#8217;ye Y\u00f6nelik Politikalar\u0131 D\u00fcnya Siyonizmine Hizmet Ediyor"},"content":{"rendered":"<p style=\"text-align: justify;\">ANKARA \u2013 Cumhuriyet Halk Partisinden milletvekili Abdullatif \u015eener, T\u00fcrk rejimi ba\u015fkan\u0131 Recep Tayyip Erdo\u011fan&#8217;\u0131n Suriye&#8217;ye y\u00f6nelik politikas\u0131n\u0131n d\u00fcnya siyonizm ve bat\u0131n\u0131n b\u00f6lge \u00fczerindeki hegemonyac\u0131 planlar\u0131 hizmetine akt\u0131\u011f\u0131n\u0131 belirtti.<\/p>\n<p style=\"text-align: justify;\">\u015eener Twiter hesab\u0131ndan, Erdo\u011fan&#8217;\u0131n Suriye&#8217;ye y\u00f6nelik izledi\u011fi politikan\u0131n yanl\u0131\u015f ve ba\u015far\u0131s\u0131z oldu\u011funu, bu politikan\u0131n d\u00fcnya siyonizmine hizmet etti\u011fini, silah \u00fcreticileri ve t\u00fcccarlar\u0131n\u0131n kazand\u0131\u011f\u0131n\u0131 belirterek, Erdo\u011fan rejimi&#8217;nin Suriye topraklar\u0131na y\u00f6nelik sald\u0131r\u0131s\u0131n\u0131n bat\u0131n\u0131n b\u00f6lgedeki planlar\u0131na hizmet etti\u011fine dikkat \u00e7ekti.<\/p>\n<p>\u00c7eviri: S.\u015eahut<\/p>\n","protected":false},"excerpt":{"rendered":"<p>ANKARA \u2013 Cumhuriyet Halk Partisinden milletvekili Abdullatif \u015eener, T\u00fcrk rejimi ba\u015fkan\u0131 Recep Tayyip Erdo\u011fan&#8217;\u0131n Suriye&#8217;ye y\u00f6nelik politikas\u0131n\u0131n d\u00fcnya siyonizm ve bat\u0131n\u0131n b\u00f6lge \u00fczerindeki hegemonyac\u0131 planlar\u0131 hizmetine akt\u0131\u011f\u0131n\u0131 belirtti. \u015eener Twiter hesab\u0131ndan, Erdo\u011fan&#8217;\u0131n Suriye&#8217;ye y\u00f6nelik izledi\u011fi politikan\u0131n yanl\u0131\u015f ve ba\u015far\u0131s\u0131z oldu\u011funu, bu politikan\u0131n d\u00fcnya siyonizmine hizmet etti\u011fini, silah \u00fcreticileri ve t\u00fcccarlar\u0131n\u0131n kazand\u0131\u011f\u0131n\u0131 belirterek, Erdo\u011fan rejimi&#8217;nin Suriye &hellip;<\/p>\n","protected":false},"author":1,"featured_media":193531,"comment_status":"closed","ping_status":"closed","sticky":false,"template":"","format":"standard","meta":{"footnotes":""},"categories":[17988,2554,2555],"tags":[],"class_list":["post-193530","post","type-post","status-publish","format-standard","has-post-thumbnail","","category-son-haberler","category-suriye-ve-dunya","category-suriye-ve-turkiye"],"_links":{"self":[{"href":"https:\/\/archive.sana.sy\/tr\/index.php?rest_route=\/wp\/v2\/posts\/193530","targetHints":{"allow":["GET"]}}],"collection":[{"href":"https:\/\/archive.sana.sy\/tr\/index.php?rest_route=\/wp\/v2\/posts"}],"about":[{"href":"https:\/\/archive.sana.sy\/tr\/index.php?rest_route=\/wp\/v2\/types\/post"}],"author":[{"embeddable":true,"href":"https:\/\/archive.sana.sy\/tr\/index.php?rest_route=\/wp\/v2\/users\/1"}],"replies":[{"embeddable":true,"href":"https:\/\/archive.sana.sy\/tr\/index.php?rest_route=%2Fwp%2Fv2%2Fcomments&post=193530"}],"version-history":[{"count":0,"href":"https:\/\/archive.sana.sy\/tr\/index.php?rest_route=\/wp\/v2\/posts\/193530\/revisions"}],"wp:featuredmedia":[{"embeddable":true,"href":"https:\/\/archive.sana.sy\/tr\/index.php?rest_route=\/wp\/v2\/media\/193531"}],"wp:attachment":[{"href":"https:\/\/archive.sana.sy\/tr\/index.php?rest_route=%2Fwp%2Fv2%2Fmedia&parent=193530"}],"wp:term":[{"taxonomy":"category","embeddable":true,"href":"https:\/\/archive.sana.sy\/tr\/index.php?rest_route=%2Fwp%2Fv2%2Fcategories&post=193530"},{"taxonomy":"post_tag","embeddable":true,"href":"https:\/\/archive.sana.sy\/tr\/index.php?rest_route=%2Fwp%2Fv2%2Ftags&post=193530"}],"curies":[{"name":"wp","href":"https:\/\/api.w.org\/{rel}","templated":true}]}}