{"id":193623,"date":"2019-10-21T20:35:30","date_gmt":"2019-10-21T17:35:30","guid":{"rendered":"http:\/\/www.sana.sy\/tr\/?p=193623"},"modified":"2019-10-22T14:06:31","modified_gmt":"2019-10-22T11:06:31","slug":"times-suriyeye-yonelik-saldirisinda-turkiye-uluslararasinca-yasakli-silahlar-kullandi","status":"publish","type":"post","link":"https:\/\/archive.sana.sy\/tr\/?p=193623","title":{"rendered":"Times: Suriyeye Y\u00f6nelik Sald\u0131r\u0131s\u0131nda T\u00fcrkiye Uluslararas\u0131nca Yasakl\u0131 Silahlar Kulland\u0131"},"content":{"rendered":"<p style=\"text-align: justify;\">LONDRA \u2013 \u0130ngiliz Times gazetesi bug\u00fcnk\u00fc say\u0131s\u0131nda, T\u00fcrk rejim kuvvetlerinin Suriye topraklar\u0131na y\u00f6nelik sald\u0131rganl\u0131\u011f\u0131nda uluslararas\u0131nca yasakl\u0131 beyaz fosfor maddesini kulland\u0131klar\u0131n\u0131 ortaya \u00e7\u0131kard\u0131.<\/p>\n<p style=\"text-align: justify;\">T\u00fcrkiye&#8217;nin &#8220;Suriye&#8217;de Beyaz Fosforu Kulland\u0131\u011f\u0131na Y\u00f6nelik Deliler Art\u0131yor&#8221; ba\u015fl\u0131kl\u0131 raporda gazte, T\u00fcrk rejim kuvvetlerinin kulland\u0131\u011f\u0131 uluslararas\u0131nca yasakl\u0131 silahl\u0131 sald\u0131r\u0131 kurbanlar\u0131n\u0131n \u00e7ektikleri ac\u0131lar\u0131 g\u00f6zlemledi.<\/p>\n<p style=\"text-align: justify;\">Gazete, T\u00fcrk sald\u0131rganl\u0131\u011f\u0131 sonucunda sivillerin ald\u0131\u011f\u0131 yaralarla tehlikeli yan\u0131klar\u0131n, patlamalardan \u00e7ok daha k\u00f6t\u00fc \u015feyler sonucunda oldu\u011funu g\u00f6sterdi\u011fini, bunun da NATO \u00fcyesi T\u00fcrk rejiminin Suriyeli sivillere kar\u015f\u0131 uluslararas\u0131nca yasakl\u0131 beyaz fosforu kulland\u0131\u011f\u0131na en iyi delili olu\u015fturdu\u011funa dikkat \u00e7ekti.<\/p>\n<p style=\"text-align: justify;\">Gazete yaral\u0131lar\u0131 tedavi eden doktorlardan birinin s\u00f6zlerinden naklen, yan\u0131klar\u0131n derin oldu\u011funu ayr\u0131ca \u015fekil ve kokusunun yak\u0131c\u0131 kimyasal maddelerin sebebiyet verdi\u011fi yan\u0131klarla tamamen ba\u011fda\u015ft\u0131\u011f\u0131n\u0131 s\u00f6yledi\u011fini ifade etti.<\/p>\n<p>\u00c7eviri: S.\u015eahut<\/p>\n","protected":false},"excerpt":{"rendered":"<p>LONDRA \u2013 \u0130ngiliz Times gazetesi bug\u00fcnk\u00fc say\u0131s\u0131nda, T\u00fcrk rejim kuvvetlerinin Suriye topraklar\u0131na y\u00f6nelik sald\u0131rganl\u0131\u011f\u0131nda uluslararas\u0131nca yasakl\u0131 beyaz fosfor maddesini kulland\u0131klar\u0131n\u0131 ortaya \u00e7\u0131kard\u0131. T\u00fcrkiye&#8217;nin &#8220;Suriye&#8217;de Beyaz Fosforu Kulland\u0131\u011f\u0131na Y\u00f6nelik Deliler Art\u0131yor&#8221; ba\u015fl\u0131kl\u0131 raporda gazte, T\u00fcrk rejim kuvvetlerinin kulland\u0131\u011f\u0131 uluslararas\u0131nca yasakl\u0131 silahl\u0131 sald\u0131r\u0131 kurbanlar\u0131n\u0131n \u00e7ektikleri ac\u0131lar\u0131 g\u00f6zlemledi. Gazete, T\u00fcrk sald\u0131rganl\u0131\u011f\u0131 sonucunda sivillerin ald\u0131\u011f\u0131 yaralarla tehlikeli yan\u0131klar\u0131n, patlamalardan &hellip;<\/p>\n","protected":false},"author":1,"featured_media":193624,"comment_status":"closed","ping_status":"closed","sticky":false,"template":"","format":"standard","meta":{"footnotes":""},"categories":[556,559,575,17988],"tags":[],"class_list":["post-193623","post","type-post","status-publish","format-standard","has-post-thumbnail","","category-basin","category-dunya-basini","category-olaylar-ve-gercekler","category-son-haberler"],"_links":{"self":[{"href":"https:\/\/archive.sana.sy\/tr\/index.php?rest_route=\/wp\/v2\/posts\/193623","targetHints":{"allow":["GET"]}}],"collection":[{"href":"https:\/\/archive.sana.sy\/tr\/index.php?rest_route=\/wp\/v2\/posts"}],"about":[{"href":"https:\/\/archive.sana.sy\/tr\/index.php?rest_route=\/wp\/v2\/types\/post"}],"author":[{"embeddable":true,"href":"https:\/\/archive.sana.sy\/tr\/index.php?rest_route=\/wp\/v2\/users\/1"}],"replies":[{"embeddable":true,"href":"https:\/\/archive.sana.sy\/tr\/index.php?rest_route=%2Fwp%2Fv2%2Fcomments&post=193623"}],"version-history":[{"count":0,"href":"https:\/\/archive.sana.sy\/tr\/index.php?rest_route=\/wp\/v2\/posts\/193623\/revisions"}],"wp:featuredmedia":[{"embeddable":true,"href":"https:\/\/archive.sana.sy\/tr\/index.php?rest_route=\/wp\/v2\/media\/193624"}],"wp:attachment":[{"href":"https:\/\/archive.sana.sy\/tr\/index.php?rest_route=%2Fwp%2Fv2%2Fmedia&parent=193623"}],"wp:term":[{"taxonomy":"category","embeddable":true,"href":"https:\/\/archive.sana.sy\/tr\/index.php?rest_route=%2Fwp%2Fv2%2Fcategories&post=193623"},{"taxonomy":"post_tag","embeddable":true,"href":"https:\/\/archive.sana.sy\/tr\/index.php?rest_route=%2Fwp%2Fv2%2Ftags&post=193623"}],"curies":[{"name":"wp","href":"https:\/\/api.w.org\/{rel}","templated":true}]}}