{"id":193668,"date":"2019-10-22T11:50:00","date_gmt":"2019-10-22T08:50:00","guid":{"rendered":"http:\/\/www.sana.sy\/tr\/?p=193668"},"modified":"2019-10-23T13:39:01","modified_gmt":"2019-10-23T10:39:01","slug":"derada-hizmet-altyapilarinin-onarim-calismalari-suruyor","status":"publish","type":"post","link":"https:\/\/archive.sana.sy\/tr\/?p=193668","title":{"rendered":"Dera&#8217;da Hizmet Altyap\u0131lar\u0131n\u0131n Onar\u0131m \u00c7al\u0131\u015fmalar\u0131 S\u00fcr\u00fcyor"},"content":{"rendered":"<p>DERA \u2013 Daha \u00f6nce ter\u00f6r gruplar\u0131n\u0131n kontrolu alt\u0131nda olan b\u00f6lgelerden yok olmadan ya\u011fmalad\u0131klar\u0131 hizmet altyap\u0131lar\u0131n\u0131n onar\u0131m \u00e7al\u0131\u015fmalar\u0131na devam etme \u00e7er\u00e7evesinde, Dera \u0130l Elektrik \u015eirketinin ekipleri bir dizi belde ve k\u00f6ylerine daha elektrik sa\u011flama \u00e7al\u0131\u015fmalar\u0131 bitirdi.<\/p>\n<p>Dera \u0130l Elektrik \u015eirketi M\u00fcd\u00fcr\u00fc \u011eassan Zamel SANA muhabirine yapt\u0131\u011f\u0131 a\u00e7\u0131klamada; elektrik ekiplerinin Kfarsacne, Berka, Semlin, Aliye, \u015eehy Saad ve Der Adas beldelerinin elektrik \u015febekesinin onar\u0131m \u00e7al\u0131\u015fmalar\u0131n\u0131n bitirdiklerini belirtti.<\/p>\n<p>Dera \u0130lin tamamen ter\u00f6rden kurtar\u0131ld\u0131ktan bu yana kadar onar\u0131m \u00e7al\u0131\u015fmalardan sonra toplam 110 belde ve k\u00f6ye elektrik hizmeti yeniden sa\u011fland\u0131.<\/p>\n<p>\u00c7eviri: P.M.<\/p>\n","protected":false},"excerpt":{"rendered":"<p>DERA \u2013 Daha \u00f6nce ter\u00f6r gruplar\u0131n\u0131n kontrolu alt\u0131nda olan b\u00f6lgelerden yok olmadan ya\u011fmalad\u0131klar\u0131 hizmet altyap\u0131lar\u0131n\u0131n onar\u0131m \u00e7al\u0131\u015fmalar\u0131na devam etme \u00e7er\u00e7evesinde, Dera \u0130l Elektrik \u015eirketinin ekipleri bir dizi belde ve k\u00f6ylerine daha elektrik sa\u011flama \u00e7al\u0131\u015fmalar\u0131 bitirdi. Dera \u0130l Elektrik \u015eirketi M\u00fcd\u00fcr\u00fc \u011eassan Zamel SANA muhabirine yapt\u0131\u011f\u0131 a\u00e7\u0131klamada; elektrik ekiplerinin Kfarsacne, Berka, Semlin, Aliye, \u015eehy Saad ve &hellip;<\/p>\n","protected":false},"author":1,"featured_media":193669,"comment_status":"closed","ping_status":"closed","sticky":false,"template":"","format":"standard","meta":{"footnotes":""},"categories":[479,17988,478],"tags":[],"class_list":["post-193668","post","type-post","status-publish","format-standard","has-post-thumbnail","","category-haberler-yerel","category-son-haberler","category-yerel"],"_links":{"self":[{"href":"https:\/\/archive.sana.sy\/tr\/index.php?rest_route=\/wp\/v2\/posts\/193668","targetHints":{"allow":["GET"]}}],"collection":[{"href":"https:\/\/archive.sana.sy\/tr\/index.php?rest_route=\/wp\/v2\/posts"}],"about":[{"href":"https:\/\/archive.sana.sy\/tr\/index.php?rest_route=\/wp\/v2\/types\/post"}],"author":[{"embeddable":true,"href":"https:\/\/archive.sana.sy\/tr\/index.php?rest_route=\/wp\/v2\/users\/1"}],"replies":[{"embeddable":true,"href":"https:\/\/archive.sana.sy\/tr\/index.php?rest_route=%2Fwp%2Fv2%2Fcomments&post=193668"}],"version-history":[{"count":0,"href":"https:\/\/archive.sana.sy\/tr\/index.php?rest_route=\/wp\/v2\/posts\/193668\/revisions"}],"wp:featuredmedia":[{"embeddable":true,"href":"https:\/\/archive.sana.sy\/tr\/index.php?rest_route=\/wp\/v2\/media\/193669"}],"wp:attachment":[{"href":"https:\/\/archive.sana.sy\/tr\/index.php?rest_route=%2Fwp%2Fv2%2Fmedia&parent=193668"}],"wp:term":[{"taxonomy":"category","embeddable":true,"href":"https:\/\/archive.sana.sy\/tr\/index.php?rest_route=%2Fwp%2Fv2%2Fcategories&post=193668"},{"taxonomy":"post_tag","embeddable":true,"href":"https:\/\/archive.sana.sy\/tr\/index.php?rest_route=%2Fwp%2Fv2%2Ftags&post=193668"}],"curies":[{"name":"wp","href":"https:\/\/api.w.org\/{rel}","templated":true}]}}