{"id":193747,"date":"2019-10-23T16:53:06","date_gmt":"2019-10-23T13:53:06","guid":{"rendered":"http:\/\/www.sana.sy\/tr\/?p=193747"},"modified":"2019-10-25T13:16:21","modified_gmt":"2019-10-25T11:16:21","slug":"suriyenin-katilimiyla-bakude-yapilacak-nam-ulkeleri-zirvesinin-hazirlik-toplantilari-basladi","status":"publish","type":"post","link":"https:\/\/archive.sana.sy\/tr\/?p=193747","title":{"rendered":"Suriye, Ba\u011flant\u0131s\u0131zlar Hareketi \u00dclkelerinin Bakanlar Toplant\u0131s\u0131na Kat\u0131l\u0131yor"},"content":{"rendered":"<p>BAK\u00dc \u2013 Hizalanmayan Hareketi (NAM) \u00fclkelerinin bakanlar d\u00fczeyde haz\u0131rl\u0131k toplant\u0131s\u0131 bug\u00fcn Azerbaycan&#8217;\u0131n ba\u015fkenti Bak\u00fc\u2019de Suriye&#8217;nin kat\u0131l\u0131m\u0131yla \u201c\u00e7a\u011fda\u015f d\u00fcnyan\u0131n zorluklar\u0131na do\u011fru ve uygun bir \u015fekilde ula\u015fmak i\u00e7in Bandung ilkelerine ba\u011fl\u0131 kalmak\u201d slogan\u0131yla ba\u015flad\u0131.<\/p>\n<p>NAM \u00fclkelerinin Bakanlar Toplant\u0131s\u0131, 25 ve 26 Ekim tarihlerinde Bak\u00fc&#8217;de yap\u0131lacak olan Devlet ve H\u00fck\u00fcmet Ba\u015fkanlar\u0131n\u0131n ve NAM H\u00fck\u00fcmetler Zirvesi i\u00e7in haz\u0131rlan\u0131yor.<\/p>\n<p>Bak\u00fc\u2019de toplant\u0131lara kat\u0131lan Suriye heyetinde heyet ba\u015fkan\u0131 D\u0131\u015fi\u015fleri ve Gurbet\u00e7iler Bakan\u0131 Feysal Mikdad, Uluslararas\u0131 \u00d6rg\u00fctler ve Zirvelerden sorumlu Abd\u00fclmin\u2019em Anan ve NAM i\u015flerinden sorumlu Amar Avad yer al\u0131yor.<\/p>\n<p>\u00c7eviri: P.M.<\/p>\n<div id='gallery-1' class='gallery galleryid-193747 gallery-columns-1 gallery-size-full'><figure class='gallery-item'>\n\t\t\t<div class='gallery-icon landscape'>\n\t\t\t\t<a href='https:\/\/archive.sana.sy\/tr\/wp-content\/uploads\/2019\/10\/IMG_7226-.jpg'><img loading=\"lazy\" decoding=\"async\" width=\"660\" height=\"370\" src=\"https:\/\/archive.sana.sy\/tr\/wp-content\/uploads\/2019\/10\/IMG_7226-.jpg\" class=\"attachment-full size-full\" alt=\"\" srcset=\"https:\/\/archive.sana.sy\/tr\/wp-content\/uploads\/2019\/10\/IMG_7226-.jpg 660w, https:\/\/archive.sana.sy\/tr\/wp-content\/uploads\/2019\/10\/IMG_7226--150x84.jpg 150w, https:\/\/archive.sana.sy\/tr\/wp-content\/uploads\/2019\/10\/IMG_7226--300x168.jpg 300w\" sizes=\"auto, (max-width: 660px) 100vw, 660px\" \/><\/a>\n\t\t\t<\/div><\/figure>\n\t\t<\/div>\n\n","protected":false},"excerpt":{"rendered":"<p>BAK\u00dc \u2013 Hizalanmayan Hareketi (NAM) \u00fclkelerinin bakanlar d\u00fczeyde haz\u0131rl\u0131k toplant\u0131s\u0131 bug\u00fcn Azerbaycan&#8217;\u0131n ba\u015fkenti Bak\u00fc\u2019de Suriye&#8217;nin kat\u0131l\u0131m\u0131yla \u201c\u00e7a\u011fda\u015f d\u00fcnyan\u0131n zorluklar\u0131na do\u011fru ve uygun bir \u015fekilde ula\u015fmak i\u00e7in Bandung ilkelerine ba\u011fl\u0131 kalmak\u201d slogan\u0131yla ba\u015flad\u0131. NAM \u00fclkelerinin Bakanlar Toplant\u0131s\u0131, 25 ve 26 Ekim tarihlerinde Bak\u00fc&#8217;de yap\u0131lacak olan Devlet ve H\u00fck\u00fcmet Ba\u015fkanlar\u0131n\u0131n ve NAM H\u00fck\u00fcmetler Zirvesi i\u00e7in haz\u0131rlan\u0131yor. Bak\u00fc\u2019de &hellip;<\/p>\n","protected":false},"author":1,"featured_media":193748,"comment_status":"closed","ping_status":"closed","sticky":false,"template":"","format":"standard","meta":{"footnotes":""},"categories":[458,459,17988],"tags":[],"class_list":["post-193747","post","type-post","status-publish","format-standard","has-post-thumbnail","","category-dunya1","category-haberler-arap-uluslararasi-politika","category-son-haberler"],"_links":{"self":[{"href":"https:\/\/archive.sana.sy\/tr\/index.php?rest_route=\/wp\/v2\/posts\/193747","targetHints":{"allow":["GET"]}}],"collection":[{"href":"https:\/\/archive.sana.sy\/tr\/index.php?rest_route=\/wp\/v2\/posts"}],"about":[{"href":"https:\/\/archive.sana.sy\/tr\/index.php?rest_route=\/wp\/v2\/types\/post"}],"author":[{"embeddable":true,"href":"https:\/\/archive.sana.sy\/tr\/index.php?rest_route=\/wp\/v2\/users\/1"}],"replies":[{"embeddable":true,"href":"https:\/\/archive.sana.sy\/tr\/index.php?rest_route=%2Fwp%2Fv2%2Fcomments&post=193747"}],"version-history":[{"count":0,"href":"https:\/\/archive.sana.sy\/tr\/index.php?rest_route=\/wp\/v2\/posts\/193747\/revisions"}],"wp:featuredmedia":[{"embeddable":true,"href":"https:\/\/archive.sana.sy\/tr\/index.php?rest_route=\/wp\/v2\/media\/193748"}],"wp:attachment":[{"href":"https:\/\/archive.sana.sy\/tr\/index.php?rest_route=%2Fwp%2Fv2%2Fmedia&parent=193747"}],"wp:term":[{"taxonomy":"category","embeddable":true,"href":"https:\/\/archive.sana.sy\/tr\/index.php?rest_route=%2Fwp%2Fv2%2Fcategories&post=193747"},{"taxonomy":"post_tag","embeddable":true,"href":"https:\/\/archive.sana.sy\/tr\/index.php?rest_route=%2Fwp%2Fv2%2Ftags&post=193747"}],"curies":[{"name":"wp","href":"https:\/\/api.w.org\/{rel}","templated":true}]}}