{"id":193797,"date":"2019-10-24T11:05:17","date_gmt":"2019-10-24T08:05:17","guid":{"rendered":"http:\/\/www.sana.sy\/tr\/?p=193797"},"modified":"2019-10-25T13:17:37","modified_gmt":"2019-10-25T11:17:37","slug":"degirmen-ve-silolarin-insaat-restorasyon-ve-bakimi-alaninda-suriye-iran-gorusmeleri","status":"publish","type":"post","link":"https:\/\/archive.sana.sy\/tr\/?p=193797","title":{"rendered":"De\u011firmen ve Silolar\u0131n \u0130n\u015faat, Restorasyon ve Bak\u0131m\u0131 Alan\u0131nda Suriye-\u0130ran G\u00f6r\u00fc\u015fmeleri"},"content":{"rendered":"<p>\u015eAM &#8211; \u0130\u00e7 Ticaret ve T\u00fcketicinin Korunmas\u0131 Bakan\u0131 Dr. At\u0131f Neddaf, \u0130ran \u0130slam Cumhuriyeti Birinci Ba\u015fkan Yard\u0131mc\u0131s\u0131 ve Suriye ile Irak&#8217;la \u0130ran Ekonomik \u0130li\u015fkilerinin Geli\u015ftirilmesi Komitesi Ba\u015fkan\u0131 Hasan Denai Fer, iki \u00fclke aras\u0131nda kar\u015f\u0131l\u0131kl\u0131 yarar ve fayda sa\u011flayacak ekonomik i\u015fbirli\u011fi ve ticaret de\u011fi\u015fiminin geli\u015ftirilmesi yollar\u0131n\u0131 ele ald\u0131.<\/p>\n<p>\u0130\u00e7 Ticaret ve T\u00fcketicinin Korunmas\u0131 Bakanl\u0131\u011f\u0131nda d\u00fcn yap\u0131lan g\u00f6r\u00fc\u015fmede, \u0130ran taraf\u0131n\u0131n Suriye taraf\u0131yla i\u015fbirli\u011fi i\u00e7inde y\u00fcr\u00fctt\u00fc\u011f\u00fc bakanl\u0131\u011f\u0131n \u00e7al\u0131\u015fmalar\u0131 ile ilgili geli\u015fimsel ve ekonomik projeleri g\u00f6zden ge\u00e7irildi.<\/p>\n<p>Bakan Neddaf, iki taraf aras\u0131ndaki mevcut \u00e7al\u0131\u015fmalar\u0131n de\u011firmenlerin ve silolar\u0131n in\u015faat\u0131, restorasyonu ve bak\u0131m\u0131 alan\u0131ndaki \u00f6nemini belirterek, Salhab De\u011firmeninin uygulanmas\u0131 ve en k\u0131sa s\u00fcrede hizmete sokulmas\u0131 gereklili\u011fine dikkat \u00e7ekti.<\/p>\n<p>Kendi y\u00f6n\u00fcnden \u0130ranl\u0131 yetkili, Suriye\u2019nin ter\u00f6rist sava\u015f kar\u015f\u0131s\u0131ndaki kararl\u0131l\u0131\u011f\u0131n\u0131 \u00f6verek, \u00fclkesinin Suriye\u2019nin her alanda, \u00f6zellikle de\u011firmenlerin in\u015fa edilmesi ile silolar\u0131n restore edilmesi ve bak\u0131m\u0131n\u0131 yapmak i\u00e7in i\u015fbirli\u011fine haz\u0131r oldu\u011funu vurgulad\u0131.<\/p>\n<p>\u00c7eviri: S.\u015eahut<\/p>\n","protected":false},"excerpt":{"rendered":"<p>\u015eAM &#8211; \u0130\u00e7 Ticaret ve T\u00fcketicinin Korunmas\u0131 Bakan\u0131 Dr. At\u0131f Neddaf, \u0130ran \u0130slam Cumhuriyeti Birinci Ba\u015fkan Yard\u0131mc\u0131s\u0131 ve Suriye ile Irak&#8217;la \u0130ran Ekonomik \u0130li\u015fkilerinin Geli\u015ftirilmesi Komitesi Ba\u015fkan\u0131 Hasan Denai Fer, iki \u00fclke aras\u0131nda kar\u015f\u0131l\u0131kl\u0131 yarar ve fayda sa\u011flayacak ekonomik i\u015fbirli\u011fi ve ticaret de\u011fi\u015fiminin geli\u015ftirilmesi yollar\u0131n\u0131 ele ald\u0131. \u0130\u00e7 Ticaret ve T\u00fcketicinin Korunmas\u0131 Bakanl\u0131\u011f\u0131nda d\u00fcn yap\u0131lan &hellip;<\/p>\n","protected":false},"author":1,"featured_media":193799,"comment_status":"closed","ping_status":"closed","sticky":false,"template":"","format":"standard","meta":{"footnotes":""},"categories":[485,479,486,17988,478],"tags":[],"class_list":["post-193797","post","type-post","status-publish","format-standard","has-post-thumbnail","","category-is-ve-sermaye","category-haberler-yerel","category-haberler-is-ve-sermaye","category-son-haberler","category-yerel"],"_links":{"self":[{"href":"https:\/\/archive.sana.sy\/tr\/index.php?rest_route=\/wp\/v2\/posts\/193797","targetHints":{"allow":["GET"]}}],"collection":[{"href":"https:\/\/archive.sana.sy\/tr\/index.php?rest_route=\/wp\/v2\/posts"}],"about":[{"href":"https:\/\/archive.sana.sy\/tr\/index.php?rest_route=\/wp\/v2\/types\/post"}],"author":[{"embeddable":true,"href":"https:\/\/archive.sana.sy\/tr\/index.php?rest_route=\/wp\/v2\/users\/1"}],"replies":[{"embeddable":true,"href":"https:\/\/archive.sana.sy\/tr\/index.php?rest_route=%2Fwp%2Fv2%2Fcomments&post=193797"}],"version-history":[{"count":0,"href":"https:\/\/archive.sana.sy\/tr\/index.php?rest_route=\/wp\/v2\/posts\/193797\/revisions"}],"wp:featuredmedia":[{"embeddable":true,"href":"https:\/\/archive.sana.sy\/tr\/index.php?rest_route=\/wp\/v2\/media\/193799"}],"wp:attachment":[{"href":"https:\/\/archive.sana.sy\/tr\/index.php?rest_route=%2Fwp%2Fv2%2Fmedia&parent=193797"}],"wp:term":[{"taxonomy":"category","embeddable":true,"href":"https:\/\/archive.sana.sy\/tr\/index.php?rest_route=%2Fwp%2Fv2%2Fcategories&post=193797"},{"taxonomy":"post_tag","embeddable":true,"href":"https:\/\/archive.sana.sy\/tr\/index.php?rest_route=%2Fwp%2Fv2%2Ftags&post=193797"}],"curies":[{"name":"wp","href":"https:\/\/api.w.org\/{rel}","templated":true}]}}