{"id":193798,"date":"2019-10-24T14:38:56","date_gmt":"2019-10-24T11:38:56","guid":{"rendered":"http:\/\/www.sana.sy\/tr\/?p=193798"},"modified":"2019-10-25T13:18:39","modified_gmt":"2019-10-25T11:18:39","slug":"isgal-altindaki-tel-abyad-kentinde-bomba-yuklu-bir-arac-patladi","status":"publish","type":"post","link":"https:\/\/archive.sana.sy\/tr\/?p=193798","title":{"rendered":"\u0130\u015fgal Alt\u0131ndaki Tel Abyad Kentinde Bomba Y\u00fckl\u00fc Bir Ara\u00e7 Patlad\u0131"},"content":{"rendered":"<p>HASEKE \u2013 Rakka k\u0131rsal\u0131n\u0131n kuzeyinde yer alan ve bu ay\u0131n 13\u2019den itibaren T\u00fcrk i\u015fgali alt\u0131nda olan Tel Abyad Kentinde bug\u00fcn sabah saatlerinde bomba y\u00fckl\u00fc bir arac\u0131n patlamas\u0131 sonucunda birka\u00e7 ki\u015fi yaraland\u0131 ve olay yerinde maddi hasarlar meydana geldi.<\/p>\n<p>SANA muhabiri yerel kaynaklardan aktard\u0131\u011f\u0131yla; bug\u00fcn sabah saatlerinde Tel Abyad Kentinin K\u00fclt\u00fcr Merkezinin yak\u0131nlarda bomba y\u00fckl\u00fc bir arac\u0131n\u0131n patlamas\u0131 sonucunda 4 ki\u015finin yaraland\u0131\u011f\u0131n\u0131 ve olay yerinde b\u00fcy\u00fck maddi hasarlar\u0131n meydana geldi\u011fini s\u00f6yledi.<\/p>\n<p>\u00c7eviri: P.M.<\/p>\n","protected":false},"excerpt":{"rendered":"<p>HASEKE \u2013 Rakka k\u0131rsal\u0131n\u0131n kuzeyinde yer alan ve bu ay\u0131n 13\u2019den itibaren T\u00fcrk i\u015fgali alt\u0131nda olan Tel Abyad Kentinde bug\u00fcn sabah saatlerinde bomba y\u00fckl\u00fc bir arac\u0131n patlamas\u0131 sonucunda birka\u00e7 ki\u015fi yaraland\u0131 ve olay yerinde maddi hasarlar meydana geldi. SANA muhabiri yerel kaynaklardan aktard\u0131\u011f\u0131yla; bug\u00fcn sabah saatlerinde Tel Abyad Kentinin K\u00fclt\u00fcr Merkezinin yak\u0131nlarda bomba y\u00fckl\u00fc bir &hellip;<\/p>\n","protected":false},"author":1,"featured_media":193813,"comment_status":"closed","ping_status":"closed","sticky":false,"template":"","format":"standard","meta":{"footnotes":""},"categories":[479,575,17988,478],"tags":[],"class_list":["post-193798","post","type-post","status-publish","format-standard","has-post-thumbnail","","category-haberler-yerel","category-olaylar-ve-gercekler","category-son-haberler","category-yerel"],"_links":{"self":[{"href":"https:\/\/archive.sana.sy\/tr\/index.php?rest_route=\/wp\/v2\/posts\/193798","targetHints":{"allow":["GET"]}}],"collection":[{"href":"https:\/\/archive.sana.sy\/tr\/index.php?rest_route=\/wp\/v2\/posts"}],"about":[{"href":"https:\/\/archive.sana.sy\/tr\/index.php?rest_route=\/wp\/v2\/types\/post"}],"author":[{"embeddable":true,"href":"https:\/\/archive.sana.sy\/tr\/index.php?rest_route=\/wp\/v2\/users\/1"}],"replies":[{"embeddable":true,"href":"https:\/\/archive.sana.sy\/tr\/index.php?rest_route=%2Fwp%2Fv2%2Fcomments&post=193798"}],"version-history":[{"count":0,"href":"https:\/\/archive.sana.sy\/tr\/index.php?rest_route=\/wp\/v2\/posts\/193798\/revisions"}],"wp:featuredmedia":[{"embeddable":true,"href":"https:\/\/archive.sana.sy\/tr\/index.php?rest_route=\/wp\/v2\/media\/193813"}],"wp:attachment":[{"href":"https:\/\/archive.sana.sy\/tr\/index.php?rest_route=%2Fwp%2Fv2%2Fmedia&parent=193798"}],"wp:term":[{"taxonomy":"category","embeddable":true,"href":"https:\/\/archive.sana.sy\/tr\/index.php?rest_route=%2Fwp%2Fv2%2Fcategories&post=193798"},{"taxonomy":"post_tag","embeddable":true,"href":"https:\/\/archive.sana.sy\/tr\/index.php?rest_route=%2Fwp%2Fv2%2Ftags&post=193798"}],"curies":[{"name":"wp","href":"https:\/\/api.w.org\/{rel}","templated":true}]}}