{"id":193823,"date":"2019-10-24T15:48:03","date_gmt":"2019-10-24T12:48:03","guid":{"rendered":"http:\/\/www.sana.sy\/tr\/?p=193823"},"modified":"2019-10-24T15:48:03","modified_gmt":"2019-10-24T12:48:03","slug":"sana-muhabiri-ordu-birliklerimiz-haseke-kirsalinin-batisinda-yer-alan-tel-temr-nahiyesine-tabi-kozliye-ve-tel-laban-koylerine-yonelik-turk-isgalci-guclerinin-saldirisina-karsi-koyuyor","status":"publish","type":"post","link":"https:\/\/archive.sana.sy\/tr\/?p=193823","title":{"rendered":"SANA muhabiri; Ordu birliklerimiz Haseke k\u0131rsal\u0131n\u0131n bat\u0131s\u0131nda yer alan Tel Temr Nahiyesine tabi Kozliye ve Tel Laban k\u00f6ylerine y\u00f6nelik T\u00fcrk i\u015fgalci g\u00fc\u00e7lerinin sald\u0131r\u0131s\u0131na kar\u015f\u0131 koyuyor"},"content":{"rendered":"<p>SANA muhabiri; Ordu birliklerimiz Haseke k\u0131rsal\u0131n\u0131n bat\u0131s\u0131nda yer alan Tel Temr Nahiyesine tabi Kozliye ve Tel Laban k\u00f6ylerine y\u00f6nelik T\u00fcrk i\u015fgalci g\u00fc\u00e7lerinin sald\u0131r\u0131s\u0131na kar\u015f\u0131 koyuyor<\/p>\n","protected":false},"excerpt":{"rendered":"<p>SANA muhabiri; Ordu birliklerimiz Haseke k\u0131rsal\u0131n\u0131n bat\u0131s\u0131nda yer alan Tel Temr Nahiyesine tabi Kozliye ve Tel Laban k\u00f6ylerine y\u00f6nelik T\u00fcrk i\u015fgalci g\u00fc\u00e7lerinin sald\u0131r\u0131s\u0131na kar\u015f\u0131 koyuyor<\/p>\n","protected":false},"author":1,"featured_media":0,"comment_status":"closed","ping_status":"closed","sticky":false,"template":"","format":"standard","meta":{"footnotes":""},"categories":[17991],"tags":[],"class_list":["post-193823","post","type-post","status-publish","format-standard","","category-son-dakika"],"_links":{"self":[{"href":"https:\/\/archive.sana.sy\/tr\/index.php?rest_route=\/wp\/v2\/posts\/193823","targetHints":{"allow":["GET"]}}],"collection":[{"href":"https:\/\/archive.sana.sy\/tr\/index.php?rest_route=\/wp\/v2\/posts"}],"about":[{"href":"https:\/\/archive.sana.sy\/tr\/index.php?rest_route=\/wp\/v2\/types\/post"}],"author":[{"embeddable":true,"href":"https:\/\/archive.sana.sy\/tr\/index.php?rest_route=\/wp\/v2\/users\/1"}],"replies":[{"embeddable":true,"href":"https:\/\/archive.sana.sy\/tr\/index.php?rest_route=%2Fwp%2Fv2%2Fcomments&post=193823"}],"version-history":[{"count":0,"href":"https:\/\/archive.sana.sy\/tr\/index.php?rest_route=\/wp\/v2\/posts\/193823\/revisions"}],"wp:attachment":[{"href":"https:\/\/archive.sana.sy\/tr\/index.php?rest_route=%2Fwp%2Fv2%2Fmedia&parent=193823"}],"wp:term":[{"taxonomy":"category","embeddable":true,"href":"https:\/\/archive.sana.sy\/tr\/index.php?rest_route=%2Fwp%2Fv2%2Fcategories&post=193823"},{"taxonomy":"post_tag","embeddable":true,"href":"https:\/\/archive.sana.sy\/tr\/index.php?rest_route=%2Fwp%2Fv2%2Ftags&post=193823"}],"curies":[{"name":"wp","href":"https:\/\/api.w.org\/{rel}","templated":true}]}}