{"id":193837,"date":"2019-10-24T12:51:10","date_gmt":"2019-10-24T09:51:10","guid":{"rendered":"http:\/\/sana.sy\/tr\/?p=193837"},"modified":"2019-10-25T13:30:39","modified_gmt":"2019-10-25T11:30:39","slug":"suriye-fifa-siralamasinda-iki-sira-ilerledi","status":"publish","type":"post","link":"https:\/\/archive.sana.sy\/tr\/?p=193837","title":{"rendered":"Suriye FIFA S\u0131ralamas\u0131nda \u0130ki S\u0131ra \u0130lerledi"},"content":{"rendered":"<p style=\"text-align: justify;\">Z\u00dcR\u0130H \u2013 Suriye futbol tak\u0131m\u0131 FIFA&#8217;n\u0131n bug\u00fcn yay\u0131nlad\u0131\u011f\u0131 uluslararas\u0131 s\u0131ralama listesinde iki s\u0131ra ilerleyerek d\u00fcnya s\u0131ralamas\u0131nda 83. Asya s\u0131ralamas\u0131nda da 10. S\u0131rada yer ald\u0131.<\/p>\n<p style=\"text-align: justify;\">Milli futbol tak\u0131m\u0131m\u0131z\u0131n yeni s\u0131ralamada 2022 D\u00fcnya Kupas\u0131 ve 2023 Asya Kupas\u0131 elemelerinde Maldiv Adalar\u0131 ve Guam&#8217;\u0131 yenmesi sonucunda 12 puan almas\u0131ndan sonra 1292 puan\u0131 oldu.<\/p>\n<p style=\"text-align: justify;\">Milli tak\u0131m\u0131m\u0131z Asya s\u0131ralamas\u0131nda da \u0130ran, Japonya, G\u00fcney Kore, Avustralya, Katar, BAE, Suudi Arabistan, \u00c7in ve Irak&#8217;tan sonra 10. S\u0131rada yer ald\u0131.<\/p>\n<p><img loading=\"lazy\" decoding=\"async\" class=\"size-medium wp-image-193838 aligncenter\" src=\"http:\/\/sana.sy\/tr\/wp-content\/uploads\/2019\/10\/777777777777-241x300.jpg\" alt=\"\" width=\"241\" height=\"300\" srcset=\"https:\/\/archive.sana.sy\/tr\/wp-content\/uploads\/2019\/10\/777777777777-241x300.jpg 241w, https:\/\/archive.sana.sy\/tr\/wp-content\/uploads\/2019\/10\/777777777777-120x150.jpg 120w, https:\/\/archive.sana.sy\/tr\/wp-content\/uploads\/2019\/10\/777777777777.jpg 530w\" sizes=\"auto, (max-width: 241px) 100vw, 241px\" \/><\/p>\n","protected":false},"excerpt":{"rendered":"<p>Z\u00dcR\u0130H \u2013 Suriye futbol tak\u0131m\u0131 FIFA&#8217;n\u0131n bug\u00fcn yay\u0131nlad\u0131\u011f\u0131 uluslararas\u0131 s\u0131ralama listesinde iki s\u0131ra ilerleyerek d\u00fcnya s\u0131ralamas\u0131nda 83. Asya s\u0131ralamas\u0131nda da 10. S\u0131rada yer ald\u0131. Milli futbol tak\u0131m\u0131m\u0131z\u0131n yeni s\u0131ralamada 2022 D\u00fcnya Kupas\u0131 ve 2023 Asya Kupas\u0131 elemelerinde Maldiv Adalar\u0131 ve Guam&#8217;\u0131 yenmesi sonucunda 12 puan almas\u0131ndan sonra 1292 puan\u0131 oldu. Milli tak\u0131m\u0131m\u0131z Asya s\u0131ralamas\u0131nda da &hellip;<\/p>\n","protected":false},"author":1,"featured_media":193839,"comment_status":"closed","ping_status":"closed","sticky":false,"template":"","format":"standard","meta":{"footnotes":""},"categories":[498,17988,496],"tags":[],"class_list":["post-193837","post","type-post","status-publish","format-standard","has-post-thumbnail","","category-dunya-turnuvalari","category-son-haberler","category-spor"],"_links":{"self":[{"href":"https:\/\/archive.sana.sy\/tr\/index.php?rest_route=\/wp\/v2\/posts\/193837","targetHints":{"allow":["GET"]}}],"collection":[{"href":"https:\/\/archive.sana.sy\/tr\/index.php?rest_route=\/wp\/v2\/posts"}],"about":[{"href":"https:\/\/archive.sana.sy\/tr\/index.php?rest_route=\/wp\/v2\/types\/post"}],"author":[{"embeddable":true,"href":"https:\/\/archive.sana.sy\/tr\/index.php?rest_route=\/wp\/v2\/users\/1"}],"replies":[{"embeddable":true,"href":"https:\/\/archive.sana.sy\/tr\/index.php?rest_route=%2Fwp%2Fv2%2Fcomments&post=193837"}],"version-history":[{"count":0,"href":"https:\/\/archive.sana.sy\/tr\/index.php?rest_route=\/wp\/v2\/posts\/193837\/revisions"}],"wp:featuredmedia":[{"embeddable":true,"href":"https:\/\/archive.sana.sy\/tr\/index.php?rest_route=\/wp\/v2\/media\/193839"}],"wp:attachment":[{"href":"https:\/\/archive.sana.sy\/tr\/index.php?rest_route=%2Fwp%2Fv2%2Fmedia&parent=193837"}],"wp:term":[{"taxonomy":"category","embeddable":true,"href":"https:\/\/archive.sana.sy\/tr\/index.php?rest_route=%2Fwp%2Fv2%2Fcategories&post=193837"},{"taxonomy":"post_tag","embeddable":true,"href":"https:\/\/archive.sana.sy\/tr\/index.php?rest_route=%2Fwp%2Fv2%2Ftags&post=193837"}],"curies":[{"name":"wp","href":"https:\/\/api.w.org\/{rel}","templated":true}]}}