{"id":194015,"date":"2019-10-27T14:00:10","date_gmt":"2019-10-27T12:00:10","guid":{"rendered":"http:\/\/www.sana.sy\/tr\/?p=194015"},"modified":"2019-10-28T12:51:37","modified_gmt":"2019-10-28T10:51:37","slug":"haseke-rasul-aynda-isgalci-1-turk-askeri-oldu-5-kisi-de-yaralandi","status":"publish","type":"post","link":"https:\/\/archive.sana.sy\/tr\/?p=194015","title":{"rendered":"Haseke Rasul Ayn&#8217;da \u0130\u015fgalci 1 T\u00fcrk Askeri \u00d6ld\u00fc 5 Ki\u015fi De Yaraland\u0131"},"content":{"rendered":"<p style=\"text-align: justify;\">ANKARA \u2013 Haseke kuzeybat\u0131 k\u0131rsal\u0131nda Suriye topraklar\u0131na sald\u0131r\u0131lar\u0131 esnas\u0131nda i\u015fgalci T\u00fcrk kuvvetlerinden 1 asker \u00f6ld\u00fc 5 ki\u015fi de yaraland\u0131.<\/p>\n<p style=\"text-align: justify;\">Reuters T\u00fcrk rejimi Savunma Bakanl\u0131\u011f\u0131ndan naklen, Rasul Ayn b\u00f6lgesinde f\u00fcze ve morter sald\u0131r\u0131lar\u0131 esnas\u0131nda 1 askerin \u00f6ld\u00fc\u011f\u00fcn\u00fc 5 askerin de yaraland\u0131\u011f\u0131n\u0131 ifade etti.<\/p>\n<p style=\"text-align: justify;\">Ge\u00e7en Per\u015fembe g\u00fcn\u00fc de ayn\u0131 b\u00f6lge dahilinde \u00e7\u0131kan \u00e7at\u0131\u015fmalarda i\u015fgalci T\u00fcrk askerlerinden 5&#8217;i yaralanm\u0131\u015ft\u0131.<\/p>\n<p>\u00c7eviri: S.\u015eahut<\/p>\n","protected":false},"excerpt":{"rendered":"<p>ANKARA \u2013 Haseke kuzeybat\u0131 k\u0131rsal\u0131nda Suriye topraklar\u0131na sald\u0131r\u0131lar\u0131 esnas\u0131nda i\u015fgalci T\u00fcrk kuvvetlerinden 1 asker \u00f6ld\u00fc 5 ki\u015fi de yaraland\u0131. Reuters T\u00fcrk rejimi Savunma Bakanl\u0131\u011f\u0131ndan naklen, Rasul Ayn b\u00f6lgesinde f\u00fcze ve morter sald\u0131r\u0131lar\u0131 esnas\u0131nda 1 askerin \u00f6ld\u00fc\u011f\u00fcn\u00fc 5 askerin de yaraland\u0131\u011f\u0131n\u0131 ifade etti. Ge\u00e7en Per\u015fembe g\u00fcn\u00fc de ayn\u0131 b\u00f6lge dahilinde \u00e7\u0131kan \u00e7at\u0131\u015fmalarda i\u015fgalci T\u00fcrk askerlerinden 5&#8217;i &hellip;<\/p>\n","protected":false},"author":1,"featured_media":194016,"comment_status":"closed","ping_status":"closed","sticky":false,"template":"","format":"standard","meta":{"footnotes":""},"categories":[17988,2554,2555],"tags":[],"class_list":["post-194015","post","type-post","status-publish","format-standard","has-post-thumbnail","","category-son-haberler","category-suriye-ve-dunya","category-suriye-ve-turkiye"],"_links":{"self":[{"href":"https:\/\/archive.sana.sy\/tr\/index.php?rest_route=\/wp\/v2\/posts\/194015","targetHints":{"allow":["GET"]}}],"collection":[{"href":"https:\/\/archive.sana.sy\/tr\/index.php?rest_route=\/wp\/v2\/posts"}],"about":[{"href":"https:\/\/archive.sana.sy\/tr\/index.php?rest_route=\/wp\/v2\/types\/post"}],"author":[{"embeddable":true,"href":"https:\/\/archive.sana.sy\/tr\/index.php?rest_route=\/wp\/v2\/users\/1"}],"replies":[{"embeddable":true,"href":"https:\/\/archive.sana.sy\/tr\/index.php?rest_route=%2Fwp%2Fv2%2Fcomments&post=194015"}],"version-history":[{"count":0,"href":"https:\/\/archive.sana.sy\/tr\/index.php?rest_route=\/wp\/v2\/posts\/194015\/revisions"}],"wp:featuredmedia":[{"embeddable":true,"href":"https:\/\/archive.sana.sy\/tr\/index.php?rest_route=\/wp\/v2\/media\/194016"}],"wp:attachment":[{"href":"https:\/\/archive.sana.sy\/tr\/index.php?rest_route=%2Fwp%2Fv2%2Fmedia&parent=194015"}],"wp:term":[{"taxonomy":"category","embeddable":true,"href":"https:\/\/archive.sana.sy\/tr\/index.php?rest_route=%2Fwp%2Fv2%2Fcategories&post=194015"},{"taxonomy":"post_tag","embeddable":true,"href":"https:\/\/archive.sana.sy\/tr\/index.php?rest_route=%2Fwp%2Fv2%2Ftags&post=194015"}],"curies":[{"name":"wp","href":"https:\/\/api.w.org\/{rel}","templated":true}]}}