{"id":194031,"date":"2019-10-27T12:34:17","date_gmt":"2019-10-27T10:34:17","guid":{"rendered":"http:\/\/www.sana.sy\/tr\/?p=194031"},"modified":"2019-10-28T12:51:55","modified_gmt":"2019-10-28T10:51:55","slug":"suriye-takimindan-maan-asaad-halterde-dunya-challenge-kupasinda-altin-madalya-kazandi","status":"publish","type":"post","link":"https:\/\/archive.sana.sy\/tr\/?p=194031","title":{"rendered":"Suriye Tak\u0131m\u0131ndan Maan Asaad Halterde D\u00fcnya Challenge Kupas\u0131nda Alt\u0131n Madalya Kazand\u0131"},"content":{"rendered":"<p style=\"text-align: justify;\">Z\u00dcR\u0130H &#8211; Suriyye Halter Milli Tak\u0131m\u0131ndan Maan Asaad \u0130svi\u00e7re&#8217;de d\u00fczenlenen D\u00fcnya Challenge Kupas\u0131&#8217;nda alt\u0131n madalya kazand\u0131.<\/p>\n<p style=\"text-align: justify;\">Esad Amerikan ve \u00c7inli rakiplerini geride b\u0131rakarak koparmada 180 kg, Balnterde de 233 kg kald\u0131rmay\u0131 ba\u015fard\u0131.<\/p>\n<p style=\"text-align: justify;\">D\u00fcnya Challenge Kupas\u0131 2020 Tokyo Olimpiyatlar\u0131na kat\u0131l\u0131m i\u00e7in bir dizi turnuva dahilinde yer al\u0131yor.<\/p>\n<p style=\"text-align: justify;\">Asaad ge\u00e7en ay Tayland&#8217;da d\u00fczenlenen d\u00fcnya \u015fampiyonas\u0131n\u0131n birinci a\u015famas\u0131nda 3 alt\u0131n kazanm\u0131\u015f, koparmada 189, balnter&#8217;de 241, genel toplamda da 430 kg kald\u0131rarak yeni Suriye rekorlar\u0131 k\u0131rm\u0131\u015ft\u0131.<\/p>\n<p>\u00c7eviri: S.\u015eahut<\/p>\n","protected":false},"excerpt":{"rendered":"<p>Z\u00dcR\u0130H &#8211; Suriyye Halter Milli Tak\u0131m\u0131ndan Maan Asaad \u0130svi\u00e7re&#8217;de d\u00fczenlenen D\u00fcnya Challenge Kupas\u0131&#8217;nda alt\u0131n madalya kazand\u0131. Esad Amerikan ve \u00c7inli rakiplerini geride b\u0131rakarak koparmada 180 kg, Balnterde de 233 kg kald\u0131rmay\u0131 ba\u015fard\u0131. D\u00fcnya Challenge Kupas\u0131 2020 Tokyo Olimpiyatlar\u0131na kat\u0131l\u0131m i\u00e7in bir dizi turnuva dahilinde yer al\u0131yor. Asaad ge\u00e7en ay Tayland&#8217;da d\u00fczenlenen d\u00fcnya \u015fampiyonas\u0131n\u0131n birinci a\u015famas\u0131nda &hellip;<\/p>\n","protected":false},"author":1,"featured_media":194032,"comment_status":"closed","ping_status":"closed","sticky":false,"template":"","format":"standard","meta":{"footnotes":""},"categories":[498,17988,496],"tags":[],"class_list":["post-194031","post","type-post","status-publish","format-standard","has-post-thumbnail","","category-dunya-turnuvalari","category-son-haberler","category-spor"],"_links":{"self":[{"href":"https:\/\/archive.sana.sy\/tr\/index.php?rest_route=\/wp\/v2\/posts\/194031","targetHints":{"allow":["GET"]}}],"collection":[{"href":"https:\/\/archive.sana.sy\/tr\/index.php?rest_route=\/wp\/v2\/posts"}],"about":[{"href":"https:\/\/archive.sana.sy\/tr\/index.php?rest_route=\/wp\/v2\/types\/post"}],"author":[{"embeddable":true,"href":"https:\/\/archive.sana.sy\/tr\/index.php?rest_route=\/wp\/v2\/users\/1"}],"replies":[{"embeddable":true,"href":"https:\/\/archive.sana.sy\/tr\/index.php?rest_route=%2Fwp%2Fv2%2Fcomments&post=194031"}],"version-history":[{"count":0,"href":"https:\/\/archive.sana.sy\/tr\/index.php?rest_route=\/wp\/v2\/posts\/194031\/revisions"}],"wp:featuredmedia":[{"embeddable":true,"href":"https:\/\/archive.sana.sy\/tr\/index.php?rest_route=\/wp\/v2\/media\/194032"}],"wp:attachment":[{"href":"https:\/\/archive.sana.sy\/tr\/index.php?rest_route=%2Fwp%2Fv2%2Fmedia&parent=194031"}],"wp:term":[{"taxonomy":"category","embeddable":true,"href":"https:\/\/archive.sana.sy\/tr\/index.php?rest_route=%2Fwp%2Fv2%2Fcategories&post=194031"},{"taxonomy":"post_tag","embeddable":true,"href":"https:\/\/archive.sana.sy\/tr\/index.php?rest_route=%2Fwp%2Fv2%2Ftags&post=194031"}],"curies":[{"name":"wp","href":"https:\/\/api.w.org\/{rel}","templated":true}]}}