{"id":194034,"date":"2019-10-27T23:47:57","date_gmt":"2019-10-27T21:47:57","guid":{"rendered":"http:\/\/sana.sy\/tr\/?p=194034"},"modified":"2019-10-28T12:58:40","modified_gmt":"2019-10-28T10:58:40","slug":"ahalinin-sicak-karsilayisiyla-ordu-suriye-sinirindaki-el-dirbasiyede-konuslandi","status":"publish","type":"post","link":"https:\/\/archive.sana.sy\/tr\/?p=194034","title":{"rendered":"Ahalinin S\u0131cak Kar\u015f\u0131lay\u0131\u015f\u0131yla.. Ordu Suriye S\u0131n\u0131r\u0131ndaki el D\u0131rbasiye&#8217;de Konu\u015fland\u0131"},"content":{"rendered":"<p style=\"text-align: justify;\">HASEKE \u2013 Suriye Arap Ordu birlikleri bu ak\u015fam Haseke ili kuzeydo\u011fu k\u0131rsal\u0131nda Suriye-T\u00fcrkiye s\u0131n\u0131r\u0131ndaki el D\u0131rbaisye kentinde, T\u00fcrk sald\u0131rganl\u0131\u011f\u0131na kar\u015f\u0131 koymak i\u00e7in Rasul Ayn do\u011fu k\u0131rsal\u0131ndaki birka\u00e7 k\u00f6y ve beldede konu\u015flanmas\u0131 ard\u0131ndan, ahalinin s\u0131cak kar\u015f\u0131lamas\u0131yla konu\u015fland\u0131.<\/p>\n<p style=\"text-align: justify;\"><a href=\"http:\/\/sana.sy\/tr\/wp-content\/uploads\/2019\/10\/2-15.jpg\"><img loading=\"lazy\" decoding=\"async\" class=\"size-medium wp-image-194036 alignright\" src=\"http:\/\/sana.sy\/tr\/wp-content\/uploads\/2019\/10\/2-15-300x168.jpg\" alt=\"\" width=\"300\" height=\"168\" srcset=\"https:\/\/archive.sana.sy\/tr\/wp-content\/uploads\/2019\/10\/2-15-300x168.jpg 300w, https:\/\/archive.sana.sy\/tr\/wp-content\/uploads\/2019\/10\/2-15-150x84.jpg 150w, https:\/\/archive.sana.sy\/tr\/wp-content\/uploads\/2019\/10\/2-15.jpg 660w\" sizes=\"auto, (max-width: 300px) 100vw, 300px\" \/><\/a>Haseke ili SANA muhabiri bug\u00fcn\u00fcn ilerleyen saatlerinde ordu birliklerimizin T\u00fcrk s\u0131n\u0131r\u0131 y\u00f6n\u00fcnde Haseke ili kuzeybat\u0131s\u0131ndaki Tel Temr ekseninde ilerledi\u011fini ve Rasul Ayn g\u00fcneydo\u011fu k\u0131rsal\u0131 b\u00f6lgesi k\u0131rsal\u0131ndaki &#8220;Um Harmele, Babul Hayr, Um A\u015fbe ve el Esediye K\u00f6ylerinde konu\u015fland\u0131\u011f\u0131n\u0131 ve T\u00fcrkiye ile s\u0131n\u0131r mesafesini birka\u00e7 km&#8217;ye indirgedi\u011fini ifade etmi\u015fti.<\/p>\n<p style=\"text-align: justify;\">SANA muhabiri, Suriye Arap ordu birliklerinin i\u015fgalci T\u00fcrk kuvvetleri ve ona ba\u011fl\u0131 kiral\u0131klar\u0131 aras\u0131nda Rasul Ayn do\u011fu k\u0131rsal\u0131ndaki Bab el Hayr ve Um A\u015fbe K\u00f6yleri ekseninde \u015fiddetli \u00e7at\u0131\u015fmalar\u0131n ya\u015fand\u0131\u011f\u0131na dikkat \u00e7ekti.<\/p>\n<p style=\"text-align: justify;\"><a href=\"http:\/\/sana.sy\/tr\/wp-content\/uploads\/2019\/10\/3-8.jpg\"><img loading=\"lazy\" decoding=\"async\" class=\"size-medium wp-image-194037 alignright\" src=\"http:\/\/sana.sy\/tr\/wp-content\/uploads\/2019\/10\/3-8-300x225.jpg\" alt=\"\" width=\"300\" height=\"225\" srcset=\"https:\/\/archive.sana.sy\/tr\/wp-content\/uploads\/2019\/10\/3-8-300x225.jpg 300w, https:\/\/archive.sana.sy\/tr\/wp-content\/uploads\/2019\/10\/3-8-150x113.jpg 150w, https:\/\/archive.sana.sy\/tr\/wp-content\/uploads\/2019\/10\/3-8-768x576.jpg 768w, https:\/\/archive.sana.sy\/tr\/wp-content\/uploads\/2019\/10\/3-8-1024x768.jpg 1024w, https:\/\/archive.sana.sy\/tr\/wp-content\/uploads\/2019\/10\/3-8.jpg 1280w\" sizes=\"auto, (max-width: 300px) 100vw, 300px\" \/><\/a>\u00d6te yandan &#8220;DSG&#8221; gruplar\u0131 muhabirin belirtti\u011fine g\u00f6re, So\u00e7i bentlerinin uygulanmas\u0131 gere\u011fi, Suriye ile T\u00fcrkiye aras\u0131ndaki s\u0131n\u0131r \u015feridinden 30 km derine inmeye ba\u015flad\u0131klar\u0131n\u0131 s\u00f6yledi.<\/p>\n<p style=\"text-align: justify;\">D\u0131\u015fi\u015fleri ve Gurbet\u00e7iler Bakanl\u0131\u011f\u0131nda bir kaynak SANA&#8217;ya a\u00e7\u0131klamas\u0131nda; Suriye Arap Cumhuriyetinin, Suriye&#8217;nin kuzeyindeki silahl\u0131 gruplar\u0131n Suriye Arap Ordusu ile do\u011frudan koordinasyon i\u00e7erisinde 30 km derine \u00e7ekilmesini memnuniyetle kar\u015f\u0131lad\u0131\u011f\u0131n\u0131 ve T\u00fcrkiye\u2019nin ac\u0131mas\u0131z sald\u0131r\u0131s\u0131n\u0131n temel bahanesini d\u00fc\u015f\u00fcrd\u00fc\u011f\u00fcn\u00fc a\u00e7\u0131klam\u0131\u015ft\u0131<\/p>\n<p style=\"text-align: justify;\">Ordu birlikleri d\u00fcn de Tel Temr Rasul Ayn yolu ekseni \u00fczerindeki, Kasimiye, Re\u015fidiye, Davudiye, Aziziye, Siybatiye, Cemiliye, Hurbat el Dibs, el Zahra, Abu Rasin, Ari\u015fiye ve el Kesra K\u00f6ylerinde konu\u015flanm\u0131\u015f ve Suriye-T\u00fcrkiye s\u0131n\u0131rlar\u0131 yak\u0131nlar\u0131na varm\u0131\u015ft\u0131. Bununla e\u015f zamanl\u0131 olarak Rus Askeri Polis devriyeleri de Tel Temr Rasul Ayn yolu \u00fczerinde bir ordu birli\u011fi refakatinde devriyeler y\u00fcr\u00fct\u00fclmeye ba\u015fland\u0131.<\/p>\n<p>\u00c7eviri: S.\u015eahut<\/p>\n<div id='gallery-1' class='gallery galleryid-194034 gallery-columns-1 gallery-size-full'><figure class='gallery-item'>\n\t\t\t<div class='gallery-icon landscape'>\n\t\t\t\t<a href='https:\/\/archive.sana.sy\/tr\/wp-content\/uploads\/2019\/10\/7-4.jpg'><img loading=\"lazy\" decoding=\"async\" width=\"1280\" height=\"864\" src=\"https:\/\/archive.sana.sy\/tr\/wp-content\/uploads\/2019\/10\/7-4.jpg\" class=\"attachment-full size-full\" alt=\"\" srcset=\"https:\/\/archive.sana.sy\/tr\/wp-content\/uploads\/2019\/10\/7-4.jpg 1280w, https:\/\/archive.sana.sy\/tr\/wp-content\/uploads\/2019\/10\/7-4-150x101.jpg 150w, https:\/\/archive.sana.sy\/tr\/wp-content\/uploads\/2019\/10\/7-4-300x203.jpg 300w, https:\/\/archive.sana.sy\/tr\/wp-content\/uploads\/2019\/10\/7-4-768x518.jpg 768w, https:\/\/archive.sana.sy\/tr\/wp-content\/uploads\/2019\/10\/7-4-1024x691.jpg 1024w, https:\/\/archive.sana.sy\/tr\/wp-content\/uploads\/2019\/10\/7-4-110x75.jpg 110w\" sizes=\"auto, (max-width: 1280px) 100vw, 1280px\" \/><\/a>\n\t\t\t<\/div><\/figure><figure class='gallery-item'>\n\t\t\t<div class='gallery-icon landscape'>\n\t\t\t\t<a href='https:\/\/archive.sana.sy\/tr\/wp-content\/uploads\/2019\/10\/4-10.jpg'><img loading=\"lazy\" decoding=\"async\" width=\"1280\" height=\"831\" src=\"https:\/\/archive.sana.sy\/tr\/wp-content\/uploads\/2019\/10\/4-10.jpg\" class=\"attachment-full size-full\" alt=\"\" srcset=\"https:\/\/archive.sana.sy\/tr\/wp-content\/uploads\/2019\/10\/4-10.jpg 1280w, https:\/\/archive.sana.sy\/tr\/wp-content\/uploads\/2019\/10\/4-10-150x97.jpg 150w, https:\/\/archive.sana.sy\/tr\/wp-content\/uploads\/2019\/10\/4-10-300x195.jpg 300w, https:\/\/archive.sana.sy\/tr\/wp-content\/uploads\/2019\/10\/4-10-768x499.jpg 768w, https:\/\/archive.sana.sy\/tr\/wp-content\/uploads\/2019\/10\/4-10-1024x665.jpg 1024w\" sizes=\"auto, (max-width: 1280px) 100vw, 1280px\" \/><\/a>\n\t\t\t<\/div><\/figure><figure class='gallery-item'>\n\t\t\t<div class='gallery-icon landscape'>\n\t\t\t\t<a href='https:\/\/archive.sana.sy\/tr\/wp-content\/uploads\/2019\/10\/5-12.jpg'><img loading=\"lazy\" decoding=\"async\" width=\"1280\" height=\"933\" src=\"https:\/\/archive.sana.sy\/tr\/wp-content\/uploads\/2019\/10\/5-12.jpg\" class=\"attachment-full size-full\" alt=\"\" srcset=\"https:\/\/archive.sana.sy\/tr\/wp-content\/uploads\/2019\/10\/5-12.jpg 1280w, https:\/\/archive.sana.sy\/tr\/wp-content\/uploads\/2019\/10\/5-12-150x109.jpg 150w, https:\/\/archive.sana.sy\/tr\/wp-content\/uploads\/2019\/10\/5-12-300x219.jpg 300w, https:\/\/archive.sana.sy\/tr\/wp-content\/uploads\/2019\/10\/5-12-768x560.jpg 768w, https:\/\/archive.sana.sy\/tr\/wp-content\/uploads\/2019\/10\/5-12-1024x746.jpg 1024w\" sizes=\"auto, (max-width: 1280px) 100vw, 1280px\" \/><\/a>\n\t\t\t<\/div><\/figure><figure class='gallery-item'>\n\t\t\t<div class='gallery-icon landscape'>\n\t\t\t\t<a href='https:\/\/archive.sana.sy\/tr\/wp-content\/uploads\/2019\/10\/6-16.jpg'><img loading=\"lazy\" decoding=\"async\" width=\"1280\" height=\"793\" src=\"https:\/\/archive.sana.sy\/tr\/wp-content\/uploads\/2019\/10\/6-16.jpg\" class=\"attachment-full size-full\" alt=\"\" srcset=\"https:\/\/archive.sana.sy\/tr\/wp-content\/uploads\/2019\/10\/6-16.jpg 1280w, https:\/\/archive.sana.sy\/tr\/wp-content\/uploads\/2019\/10\/6-16-150x93.jpg 150w, https:\/\/archive.sana.sy\/tr\/wp-content\/uploads\/2019\/10\/6-16-300x186.jpg 300w, https:\/\/archive.sana.sy\/tr\/wp-content\/uploads\/2019\/10\/6-16-768x476.jpg 768w, https:\/\/archive.sana.sy\/tr\/wp-content\/uploads\/2019\/10\/6-16-1024x634.jpg 1024w\" sizes=\"auto, (max-width: 1280px) 100vw, 1280px\" \/><\/a>\n\t\t\t<\/div><\/figure>\n\t\t<\/div>\n\n","protected":false},"excerpt":{"rendered":"<p>HASEKE \u2013 Suriye Arap Ordu birlikleri bu ak\u015fam Haseke ili kuzeydo\u011fu k\u0131rsal\u0131nda Suriye-T\u00fcrkiye s\u0131n\u0131r\u0131ndaki el D\u0131rbaisye kentinde, T\u00fcrk sald\u0131rganl\u0131\u011f\u0131na kar\u015f\u0131 koymak i\u00e7in Rasul Ayn do\u011fu k\u0131rsal\u0131ndaki birka\u00e7 k\u00f6y ve beldede konu\u015flanmas\u0131 ard\u0131ndan, ahalinin s\u0131cak kar\u015f\u0131lamas\u0131yla konu\u015fland\u0131. Haseke ili SANA muhabiri bug\u00fcn\u00fcn ilerleyen saatlerinde ordu birliklerimizin T\u00fcrk s\u0131n\u0131r\u0131 y\u00f6n\u00fcnde Haseke ili kuzeybat\u0131s\u0131ndaki Tel Temr ekseninde ilerledi\u011fini &hellip;<\/p>\n","protected":false},"author":1,"featured_media":194035,"comment_status":"closed","ping_status":"closed","sticky":false,"template":"","format":"standard","meta":{"footnotes":""},"categories":[596,479,575,17988,478],"tags":[],"class_list":["post-194034","post","type-post","status-publish","format-standard","has-post-thumbnail","","category-fotografli-raporlar","category-haberler-yerel","category-olaylar-ve-gercekler","category-son-haberler","category-yerel"],"_links":{"self":[{"href":"https:\/\/archive.sana.sy\/tr\/index.php?rest_route=\/wp\/v2\/posts\/194034","targetHints":{"allow":["GET"]}}],"collection":[{"href":"https:\/\/archive.sana.sy\/tr\/index.php?rest_route=\/wp\/v2\/posts"}],"about":[{"href":"https:\/\/archive.sana.sy\/tr\/index.php?rest_route=\/wp\/v2\/types\/post"}],"author":[{"embeddable":true,"href":"https:\/\/archive.sana.sy\/tr\/index.php?rest_route=\/wp\/v2\/users\/1"}],"replies":[{"embeddable":true,"href":"https:\/\/archive.sana.sy\/tr\/index.php?rest_route=%2Fwp%2Fv2%2Fcomments&post=194034"}],"version-history":[{"count":0,"href":"https:\/\/archive.sana.sy\/tr\/index.php?rest_route=\/wp\/v2\/posts\/194034\/revisions"}],"wp:featuredmedia":[{"embeddable":true,"href":"https:\/\/archive.sana.sy\/tr\/index.php?rest_route=\/wp\/v2\/media\/194035"}],"wp:attachment":[{"href":"https:\/\/archive.sana.sy\/tr\/index.php?rest_route=%2Fwp%2Fv2%2Fmedia&parent=194034"}],"wp:term":[{"taxonomy":"category","embeddable":true,"href":"https:\/\/archive.sana.sy\/tr\/index.php?rest_route=%2Fwp%2Fv2%2Fcategories&post=194034"},{"taxonomy":"post_tag","embeddable":true,"href":"https:\/\/archive.sana.sy\/tr\/index.php?rest_route=%2Fwp%2Fv2%2Ftags&post=194034"}],"curies":[{"name":"wp","href":"https:\/\/api.w.org\/{rel}","templated":true}]}}