{"id":194084,"date":"2019-10-28T12:05:31","date_gmt":"2019-10-28T10:05:31","guid":{"rendered":"http:\/\/www.sana.sy\/tr\/?p=194084"},"modified":"2019-10-29T15:42:27","modified_gmt":"2019-10-29T13:42:27","slug":"suriye-takimi-2-altin-1-gumus-madalya-kazandi","status":"publish","type":"post","link":"https:\/\/archive.sana.sy\/tr\/?p=194084","title":{"rendered":"Suriye Ok\u00e7uluk&#8217;ta 2 Alt\u0131n 1 G\u00fcm\u00fc\u015f Kazand\u0131"},"content":{"rendered":"<p>TUNUS \u2013 13 Arap \u00fclkesinin kat\u0131l\u0131m\u0131yla Tunus\u2019ta d\u00fczenlenen Arap \u015eampiyonas\u0131nda Suriye Ok\u00e7uluk Tak\u0131m\u0131 3 alt\u0131n ve 1 g\u00fcm\u00fc\u015f madalya kazand\u0131.<\/p>\n<p>Alt\u0131n madalyalar\u0131 Hala Tillo ve Zeyn Becaa g\u00fcm\u00fc\u015f madalyay\u0131 da H\u0131d\u0131r Celiko kazand\u0131.<\/p>\n<p>\u00c7eviri: P.M.<\/p>\n<div id='gallery-1' class='gallery galleryid-194084 gallery-columns-1 gallery-size-full'><figure class='gallery-item'>\n\t\t\t<div class='gallery-icon landscape'>\n\t\t\t\t<a href='https:\/\/archive.sana.sy\/tr\/wp-content\/uploads\/2019\/10\/4-248.jpg'><img loading=\"lazy\" decoding=\"async\" width=\"660\" height=\"389\" src=\"https:\/\/archive.sana.sy\/tr\/wp-content\/uploads\/2019\/10\/4-248.jpg\" class=\"attachment-full size-full\" alt=\"\" srcset=\"https:\/\/archive.sana.sy\/tr\/wp-content\/uploads\/2019\/10\/4-248.jpg 660w, https:\/\/archive.sana.sy\/tr\/wp-content\/uploads\/2019\/10\/4-248-150x88.jpg 150w, https:\/\/archive.sana.sy\/tr\/wp-content\/uploads\/2019\/10\/4-248-300x177.jpg 300w\" sizes=\"auto, (max-width: 660px) 100vw, 660px\" \/><\/a>\n\t\t\t<\/div><\/figure>\n\t\t<\/div>\n\n<p>&nbsp;<\/p>\n","protected":false},"excerpt":{"rendered":"<p>TUNUS \u2013 13 Arap \u00fclkesinin kat\u0131l\u0131m\u0131yla Tunus\u2019ta d\u00fczenlenen Arap \u015eampiyonas\u0131nda Suriye Ok\u00e7uluk Tak\u0131m\u0131 3 alt\u0131n ve 1 g\u00fcm\u00fc\u015f madalya kazand\u0131. Alt\u0131n madalyalar\u0131 Hala Tillo ve Zeyn Becaa g\u00fcm\u00fc\u015f madalyay\u0131 da H\u0131d\u0131r Celiko kazand\u0131. \u00c7eviri: P.M. &nbsp;<\/p>\n","protected":false},"author":1,"featured_media":194096,"comment_status":"closed","ping_status":"closed","sticky":false,"template":"","format":"standard","meta":{"footnotes":""},"categories":[498,17988,496],"tags":[],"class_list":["post-194084","post","type-post","status-publish","format-standard","has-post-thumbnail","","category-dunya-turnuvalari","category-son-haberler","category-spor"],"_links":{"self":[{"href":"https:\/\/archive.sana.sy\/tr\/index.php?rest_route=\/wp\/v2\/posts\/194084","targetHints":{"allow":["GET"]}}],"collection":[{"href":"https:\/\/archive.sana.sy\/tr\/index.php?rest_route=\/wp\/v2\/posts"}],"about":[{"href":"https:\/\/archive.sana.sy\/tr\/index.php?rest_route=\/wp\/v2\/types\/post"}],"author":[{"embeddable":true,"href":"https:\/\/archive.sana.sy\/tr\/index.php?rest_route=\/wp\/v2\/users\/1"}],"replies":[{"embeddable":true,"href":"https:\/\/archive.sana.sy\/tr\/index.php?rest_route=%2Fwp%2Fv2%2Fcomments&post=194084"}],"version-history":[{"count":0,"href":"https:\/\/archive.sana.sy\/tr\/index.php?rest_route=\/wp\/v2\/posts\/194084\/revisions"}],"wp:featuredmedia":[{"embeddable":true,"href":"https:\/\/archive.sana.sy\/tr\/index.php?rest_route=\/wp\/v2\/media\/194096"}],"wp:attachment":[{"href":"https:\/\/archive.sana.sy\/tr\/index.php?rest_route=%2Fwp%2Fv2%2Fmedia&parent=194084"}],"wp:term":[{"taxonomy":"category","embeddable":true,"href":"https:\/\/archive.sana.sy\/tr\/index.php?rest_route=%2Fwp%2Fv2%2Fcategories&post=194084"},{"taxonomy":"post_tag","embeddable":true,"href":"https:\/\/archive.sana.sy\/tr\/index.php?rest_route=%2Fwp%2Fv2%2Ftags&post=194084"}],"curies":[{"name":"wp","href":"https:\/\/api.w.org\/{rel}","templated":true}]}}