{"id":19414,"date":"2014-12-31T12:13:08","date_gmt":"2014-12-31T10:13:08","guid":{"rendered":"http:\/\/sana.sy\/tr\/?p=19414"},"modified":"2014-12-31T12:12:28","modified_gmt":"2014-12-31T10:12:28","slug":"askeri-kaynak-ordu-birliklerimizin-homs-kirsali-hule-teldev-koyu-persembe-pazarinda-bir-cok-teroristi-olu-ve-yarali-dusurduklerini-homs-dogu-kirsalindaki-recm-el-kasr-koyu-yonunden-um-cami-koyune-dog","status":"publish","type":"post","link":"https:\/\/archive.sana.sy\/tr\/?p=19414","title":{"rendered":"Askeri kaynak, ordu birliklerimizin Homs k\u0131rsal\u0131 Hule Teldev K\u00f6y\u00fc Per\u015fembe Pazar\u0131nda bir \u00e7ok ter\u00f6risti \u00f6l\u00fc ve yaral\u0131 d\u00fc\u015f\u00fcrd\u00fcklerini Homs do\u011fu k\u0131rsal\u0131ndaki Recm el Kasr K\u00f6y\u00fc y\u00f6n\u00fcnden Um Cami K\u00f6y\u00fcne do\u011fru ter\u00f6ristlerin s\u0131zma giri\u015fimlerini \u00e7\u00f6kerttiklerini s\u00f6yledi."},"content":{"rendered":"<p>Askeri kaynak, ordu birliklerimizin Homs k\u0131rsal\u0131 Hule Teldev K\u00f6y\u00fc Per\u015fembe Pazar\u0131nda bir \u00e7ok ter\u00f6risti \u00f6l\u00fc ve yaral\u0131 d\u00fc\u015f\u00fcrd\u00fcklerini Homs do\u011fu k\u0131rsal\u0131ndaki Recm el Kasr K\u00f6y\u00fc y\u00f6n\u00fcnden Um Cami K\u00f6y\u00fcne do\u011fru ter\u00f6ristlerin s\u0131zma giri\u015fimlerini \u00e7\u00f6kerttiklerini s\u00f6yledi.<\/p>\n","protected":false},"excerpt":{"rendered":"<p>Askeri kaynak, ordu birliklerimizin Homs k\u0131rsal\u0131 Hule Teldev K\u00f6y\u00fc Per\u015fembe Pazar\u0131nda bir \u00e7ok ter\u00f6risti \u00f6l\u00fc ve yaral\u0131 d\u00fc\u015f\u00fcrd\u00fcklerini Homs do\u011fu k\u0131rsal\u0131ndaki Recm el Kasr K\u00f6y\u00fc y\u00f6n\u00fcnden Um Cami K\u00f6y\u00fcne do\u011fru ter\u00f6ristlerin s\u0131zma giri\u015fimlerini \u00e7\u00f6kerttiklerini s\u00f6yledi.<\/p>\n","protected":false},"author":1,"featured_media":0,"comment_status":"closed","ping_status":"closed","sticky":false,"template":"","format":"standard","meta":{"footnotes":""},"categories":[1],"tags":[1031,9217],"class_list":["post-19414","post","type-post","status-publish","format-standard","","category-news-not-sorted","tag-askeri-kaynak","tag-ordu-birliklerimizin-homs-kirsali-hule-teldev-koyu-persembe-pazarinda-bir-cok-teroristi-olu-ve-yarali-dusurduklerini-homs-dogu-kirsalindaki-recm-el-kasr-koyu-yonunden-um-cami-koyune-dogru-teroristleri"],"_links":{"self":[{"href":"https:\/\/archive.sana.sy\/tr\/index.php?rest_route=\/wp\/v2\/posts\/19414","targetHints":{"allow":["GET"]}}],"collection":[{"href":"https:\/\/archive.sana.sy\/tr\/index.php?rest_route=\/wp\/v2\/posts"}],"about":[{"href":"https:\/\/archive.sana.sy\/tr\/index.php?rest_route=\/wp\/v2\/types\/post"}],"author":[{"embeddable":true,"href":"https:\/\/archive.sana.sy\/tr\/index.php?rest_route=\/wp\/v2\/users\/1"}],"replies":[{"embeddable":true,"href":"https:\/\/archive.sana.sy\/tr\/index.php?rest_route=%2Fwp%2Fv2%2Fcomments&post=19414"}],"version-history":[{"count":0,"href":"https:\/\/archive.sana.sy\/tr\/index.php?rest_route=\/wp\/v2\/posts\/19414\/revisions"}],"wp:attachment":[{"href":"https:\/\/archive.sana.sy\/tr\/index.php?rest_route=%2Fwp%2Fv2%2Fmedia&parent=19414"}],"wp:term":[{"taxonomy":"category","embeddable":true,"href":"https:\/\/archive.sana.sy\/tr\/index.php?rest_route=%2Fwp%2Fv2%2Fcategories&post=19414"},{"taxonomy":"post_tag","embeddable":true,"href":"https:\/\/archive.sana.sy\/tr\/index.php?rest_route=%2Fwp%2Fv2%2Ftags&post=19414"}],"curies":[{"name":"wp","href":"https:\/\/api.w.org\/{rel}","templated":true}]}}