{"id":19428,"date":"2014-12-31T14:08:18","date_gmt":"2014-12-31T12:08:18","guid":{"rendered":"http:\/\/www.sana.sy\/tr\/?p=19428"},"modified":"2014-12-31T14:16:29","modified_gmt":"2014-12-31T12:16:29","slug":"akp-iktidari-turkiyenin-dunya-duzeyindeki-duyumuna-zarar-verdi","status":"publish","type":"post","link":"https:\/\/archive.sana.sy\/tr\/?p=19428","title":{"rendered":"AKP \u0130ktidar\u0131, T\u00fcrkiye&#8217;nin D\u00fcnya D\u00fczeyindeki Duyumuna Zarar Verdi"},"content":{"rendered":"<p>PRAG \u2013 \u00c7ekli siyasi analist Michal Bertnitsky T\u00fcrkiye&#8217;de iktidardaki Adalet ve Kalk\u0131nma Partsi (AKP) iktidar\u0131n\u0131n Suriye&#8217;ye kar\u015f\u0131 tak\u0131nd\u0131\u011f\u0131 d\u00fc\u015fmanc\u0131 tutumun, T\u00fcrkiye&#8217;nin uluslar aras\u0131 d\u00fczeydeki duyumuna zarar verdi\u011fini belirtti.<\/p>\n<p>\u00c7ekli Bravo Gazetesinin bug\u00fcnk\u00fc say\u0131s\u0131nda yay\u0131nlad\u0131\u011f\u0131 makalesinde Bertnitsky; T\u00fcrkiye&#8217;nin bu tutum ve politikalarla egemen ba\u015fka devletlerin i\u00e7i\u015flerine kar\u0131\u015f\u0131yor ve ba\u015fkalar\u0131yla anla\u015fmazl\u0131k aray\u0131\u015f\u0131 i\u00e7inde oldu\u011fu imaj\u0131 verdi\u011fine dikkat \u00e7ekti.<\/p>\n<p>Bertnitsky AKP iktidar\u0131n\u0131n d\u0131\u015f politikas\u0131nda olduk\u00e7a ba\u015far\u0131s\u0131z kald\u0131\u011f\u0131na dikkat \u00e7ekerken, M\u00fcsl\u00fcman Karde\u015fler cemaatini desteklemekle kendi vizyonunu Arap \u00fclkelerine dayatmaya \u00e7al\u0131\u015ft\u0131\u011f\u0131na dikkat \u00e7ekti.<\/p>\n<p>AKP\u2019de y\u00f6neticilerin Suriye&#8217;ye kar\u015f\u0131 sava\u015fa lojistik destek ve oynad\u0131klar\u0131 rol\u00fc ele\u015ftiren Bertnitsky; T\u00fcrkiye diplomasisinin sadece Arap \u00fclkelerine kar\u015f\u0131 de\u011fil genel olarak d\u00fcnya genelinde b\u00fcy\u00fck ve ciddi hatalara d\u00fc\u015ft\u00fc\u011f\u00fcn\u00fcn alt\u0131n\u0131 \u00e7izdi. Bertnitsky d\u00fcnya genelinde T\u00fcrkiye&#8217;deki iktidar ve diplomasisine g\u00fcvenin sars\u0131ld\u0131\u011f\u0131n\u0131 belirtti.<\/p>\n<p>Bu arada Erdo\u011fan ve rejiminin T\u00fcrkiye&#8217;de Osmanl\u0131 hayalleri ile Arap alemini kontrol\u00fcne alma \u00e7abalar\u0131 d\u00fcnya genelinde b\u00fcy\u00fck bir tepki ve ele\u015ftirilere yol a\u00e7t\u0131.<\/p>\n","protected":false},"excerpt":{"rendered":"<p>PRAG \u2013 \u00c7ekli siyasi analist Michal Bertnitsky T\u00fcrkiye&#8217;de iktidardaki Adalet ve Kalk\u0131nma Partsi (AKP) iktidar\u0131n\u0131n Suriye&#8217;ye kar\u015f\u0131 tak\u0131nd\u0131\u011f\u0131 d\u00fc\u015fmanc\u0131 tutumun, T\u00fcrkiye&#8217;nin uluslar aras\u0131 d\u00fczeydeki duyumuna zarar verdi\u011fini belirtti. \u00c7ekli Bravo Gazetesinin bug\u00fcnk\u00fc say\u0131s\u0131nda yay\u0131nlad\u0131\u011f\u0131 makalesinde Bertnitsky; T\u00fcrkiye&#8217;nin bu tutum ve politikalarla egemen ba\u015fka devletlerin i\u00e7i\u015flerine kar\u0131\u015f\u0131yor ve ba\u015fkalar\u0131yla anla\u015fmazl\u0131k aray\u0131\u015f\u0131 i\u00e7inde oldu\u011fu imaj\u0131 verdi\u011fine dikkat &hellip;<\/p>\n","protected":false},"author":1,"featured_media":19429,"comment_status":"closed","ping_status":"closed","sticky":false,"template":"","format":"standard","meta":{"footnotes":""},"categories":[556,458,559,459,447,2554,2555],"tags":[9222,9225,9223,9224],"class_list":["post-19428","post","type-post","status-publish","format-standard","has-post-thumbnail","","category-basin","category-dunya1","category-dunya-basini","category-haberler-arap-uluslararasi-politika","category-politika","category-suriye-ve-dunya","category-suriye-ve-turkiye","tag-akp-iktidari","tag-musluman-kardesler-cemaatini-desteklemekle-kendi-vizyonunu-arap-ulkelerine-dayatmaya-calistigina-dikkat-cekti-akpde-yoneticilerin-suriyeye-karsi-savasa-lojistik-destek-ve-oynadiklari-rolu-e","tag-turkiyenin-dunya-duzeyindeki-duyumuna-zarar-verdi-prag-cekli-siyasi-analist-michal-bertnitsky-turkiyede-iktidardaki-adalet-ve-kalkinma-partsi-akp-iktidarinin-suriyeye-karsi-takindigi-du","tag-turkiyenin-uluslar-arasi-duzeydeki-duyumuna-zarar-verdigini-belirtti-cekli-bravo-gazetesinin-bugunku-sayisinda-yayinladigi-makalesinde-bertnitsky-turkiyenin-bu-tutum-ve-politikalarla-egemen-baska"],"_links":{"self":[{"href":"https:\/\/archive.sana.sy\/tr\/index.php?rest_route=\/wp\/v2\/posts\/19428","targetHints":{"allow":["GET"]}}],"collection":[{"href":"https:\/\/archive.sana.sy\/tr\/index.php?rest_route=\/wp\/v2\/posts"}],"about":[{"href":"https:\/\/archive.sana.sy\/tr\/index.php?rest_route=\/wp\/v2\/types\/post"}],"author":[{"embeddable":true,"href":"https:\/\/archive.sana.sy\/tr\/index.php?rest_route=\/wp\/v2\/users\/1"}],"replies":[{"embeddable":true,"href":"https:\/\/archive.sana.sy\/tr\/index.php?rest_route=%2Fwp%2Fv2%2Fcomments&post=19428"}],"version-history":[{"count":0,"href":"https:\/\/archive.sana.sy\/tr\/index.php?rest_route=\/wp\/v2\/posts\/19428\/revisions"}],"wp:featuredmedia":[{"embeddable":true,"href":"https:\/\/archive.sana.sy\/tr\/index.php?rest_route=\/wp\/v2\/media\/19429"}],"wp:attachment":[{"href":"https:\/\/archive.sana.sy\/tr\/index.php?rest_route=%2Fwp%2Fv2%2Fmedia&parent=19428"}],"wp:term":[{"taxonomy":"category","embeddable":true,"href":"https:\/\/archive.sana.sy\/tr\/index.php?rest_route=%2Fwp%2Fv2%2Fcategories&post=19428"},{"taxonomy":"post_tag","embeddable":true,"href":"https:\/\/archive.sana.sy\/tr\/index.php?rest_route=%2Fwp%2Fv2%2Ftags&post=19428"}],"curies":[{"name":"wp","href":"https:\/\/api.w.org\/{rel}","templated":true}]}}